{"id":4377,"date":"2009-01-21T11:49:35","date_gmt":"2009-01-21T10:49:35","guid":{"rendered":"http:\/\/www.solidarnosc.org.pl\/dok\/?p=4377"},"modified":"2024-06-24T14:59:00","modified_gmt":"2024-06-24T12:59:00","slug":"uchwala-kk-nr-32009-ws-dzialan-na-rzecz-ochrony-pracownikow-wobec-kryzysu","status":"publish","type":"post","link":"https:\/\/www.solidarnosc.org.pl\/dok\/2009\/01\/21\/uchwala-kk-nr-32009-ws-dzialan-na-rzecz-ochrony-pracownikow-wobec-kryzysu\/","title":{"rendered":"Uchwa\u0142a KK nr 3\/09 ws. dzia\u0142a\u0144 na rzecz ochrony pracownik\u00f3w wobec kryzysu"},"content":{"rendered":"<p style=\"text-align: justify;\">Wobec braku odpowiedniej reakcji rz\u0105du na kryzys, Komisja Krajowa NSZZ \u201eSolidarno\u015b\u0107\u201d, odwo\u0142uj\u0105c si\u0119 do\u00a0 za\u0142o\u017ce\u0144 przyj\u0119tych przez Komisj\u0119 Europejsk\u0105, uwa\u017ca, \u017ce podstaw\u0105 dzia\u0142a\u0144 w\u0142adz powinny by\u0107:<\/p>\n<p>&#8211; ochrona miejsc pracy,<\/p>\n<p>&#8211; pomoc dla najubo\u017cszych i najbardziej poszkodowanych<\/p>\n<p>&#8211; utrzymanie si\u0142y nabywczej\u00a0 wp\u0142ywaj\u0105cej na popyt wewn\u0119trzny<\/p>\n<p style=\"text-align: justify;\">&#8211; realizowane \u00a0\u00a0w \u00a0praktyce \u00a0\u00a0zasady \u00a0solidarno\u015bci \u00a0i \u00a0sprawiedliwo\u015bci\u00a0 \u00a0spo\u0142ecznej umo\u017cliwiaj\u0105ce odbudowanie zaufania w oparciu o dialog mi\u0119dzy partnerami.<\/p>\n<p style=\"text-align: justify;\">To musz\u0105 by\u0107 dzi\u015b najwa\u017cniejsze cele polityki w\u0142adz. By by\u0142o to mo\u017cliwe, nale\u017cy podj\u0105\u0107 solidarne dzia\u0142ania s\u0142u\u017c\u0105ce utrzymaniu poziomu zatrudnienia i stymulowaniu popytu.<\/p>\n<p style=\"text-align: justify;\">Dlatego Komisja Krajowa postanawia rozpocz\u0105\u0107 kampani\u0119 \u201e<em>solidarno\u015b\u0107 na kryzys<\/em>\u201d, kt\u00f3rej celem jest mo\u017cliwie najwi\u0119ksza ochrona pracownik\u00f3w przed negatywnymi skutkami spowolnienia gospodarczego, zmniejszenie ryzyka bezrobocia, a co za tym idzie utraty wynagrodzenia, ponadto \u2013 zach\u0119cenie pracownik\u00f3w do wst\u0119powania do naszego Zwi\u0105zku i tworzenia nowych organizacji, by zapewni\u0107 sobie wi\u0119ksze poczucie bezpiecze\u0144stwa i mo\u017cliwo\u015bci wp\u0142ywu na sytuacj\u0119 w zak\u0142adzie pracy.<\/p>\n<p style=\"text-align: justify;\">Komisja Krajowa zobowi\u0105zuje Prezydium KK do opracowania szczeg\u00f3\u0142owego planu dzia\u0142a\u0144 a wszystkie struktury Zwi\u0105zku do w\u0142\u0105czenia si\u0119 w nie poprzez aktywny udzia\u0142 w akcjach zwi\u0105zkowych, sta\u0142y monitoring skutk\u00f3w kryzysu na poziomie przedsi\u0119biorstw, bran\u017c i region\u00f3w, akcje informacyjne i edukacyjne docieraj\u0105ce do wszystkich cz\u0142onk\u00f3w \u201eSolidarno\u015bci\u201d.<\/p>\n<p style=\"text-align: justify;\">Komisja Krajowa domaga si\u0119 od rz\u0105du i pracodawc\u00f3w pilnego podj\u0119cia dialogu z partnerami spo\u0142ecznymi w nast\u0119puj\u0105cych obszarach:<\/p>\n<p>1. Utrzymania zatrudnienia poprzez stymulowan\u0105 pomoc dla firm i pracownik\u00f3w. Wszelkie dzia\u0142ania w tym zakresie powinny by\u0107 wynegocjowane z przedstawicielami pracownik\u00f3w w drodze dialogu i wsparte systemow\u0105 pomoc\u0105 pa\u0144stwa.<\/p>\n<p style=\"text-align: justify;\">2. Utrzymania popytu wewn\u0119trznego poprzez ochron\u0119 poziomu wynagrodze\u0144, systematyczny wzrost p\u0142acy minimalnej, zmniejszanie rozwarstwienia dochod\u00f3w,\u00a0 przede wszystkim poprzez wzrost nak\u0142ad\u00f3w na inwestycje publiczne.<\/p>\n<p style=\"text-align: justify;\">3. Przyspieszenie i zwi\u0119kszenie efektywno\u015bci wykorzystania funduszy europejskich do dzia\u0142a\u0144 antykryzysowych na rynku pracy.<\/p>\n<p style=\"text-align: justify;\">4. Opracowania systemu pomocy dla najubo\u017cszych i najbardziej poszkodowanych w wyniku kryzysu.<\/p>\n<p style=\"text-align: justify;\">5. Odbudowy zaufania i solidarno\u015bci poprzez dialog od szczebla zak\u0142adowego, prawo do informacji i konsultacji pozwalaj\u0105ce unikn\u0105\u0107 podejrze\u0144 o wykorzystywanie kryzysu do dzia\u0142a\u0144 antypracowniczych i maksymalizacji zysku.<\/p>\n<p style=\"text-align: justify;\">Pomimo napi\u0119\u0107 i konflikt\u00f3w spo\u0142ecznych Komisja Krajowa deklaruje wol\u0119 wsp\u00f3\u0142pracy i dialogu. Do takiego dialogu wzywamy te\u017c rz\u0105d i pracodawc\u00f3w. Przestrzegamy jednocze\u015bnie przed doktrynaln\u0105 liberalizacj\u0105 rynku pracy, nieuzasadnionymi u\u0142atwieniami zwolnie\u0144 pracownik\u00f3w, w tym os\u00f3b w wieku przedemerytalnym czy ograniczaniu uprawnie\u0144 pracowniczych. B\u0119dziemy takim dzia\u0142aniom stanowczo przeciwni, poniewa\u017c naruszaj\u0105 one poczucie bezpiecze\u0144stwa i w praktyce pog\u0142\u0119bi\u0105 kryzys i zwielokrotni\u0105 jego negatywne oddzia\u0142ywanie.<\/p>\n","protected":false},"excerpt":{"rendered":"<p>Wobec braku odpowiedniej reakcji rz\u0105du na kryzys, Komisja Krajowa NSZZ \u201eSolidarno\u015b\u0107\u201d, odwo\u0142uj\u0105c si\u0119 do\u00a0 za\u0142o\u017ce\u0144 przyj\u0119tych przez Komisj\u0119 Europejsk\u0105, uwa\u017ca, \u017ce podstaw\u0105 dzia\u0142a\u0144 w\u0142adz powinny by\u0107: &#8211; ochrona miejsc pracy, &#8211; pomoc dla najubo\u017cszych i najbardziej poszkodowanych &#8211; utrzymanie si\u0142y nabywczej\u00a0 wp\u0142ywaj\u0105cej na popyt wewn\u0119trzny &#8211; realizowane \u00a0\u00a0w \u00a0praktyce \u00a0\u00a0zasady \u00a0solidarno\u015bci \u00a0i \u00a0sprawiedliwo\u015bci\u00a0 \u00a0spo\u0142ecznej umo\u017cliwiaj\u0105ce [&hellip;]<\/p>\n","protected":false},"author":3,"featured_media":0,"comment_status":"closed","ping_status":"closed","sticky":false,"template":"","format":"standard","meta":{"footnotes":""},"categories":[56,8],"tags":[99,3505,98,62,102],"class_list":["post-4377","post","type-post","status-publish","format-standard","hentry","category-2009kk","category-dokkk","tag-99","tag-3-09","tag-kk","tag-uchwala","tag-uchwala-kk"],"_links":{"self":[{"href":"https:\/\/www.solidarnosc.org.pl\/dok\/wp-json\/wp\/v2\/posts\/4377","targetHints":{"allow":["GET"]}}],"collection":[{"href":"https:\/\/www.solidarnosc.org.pl\/dok\/wp-json\/wp\/v2\/posts"}],"about":[{"href":"https:\/\/www.solidarnosc.org.pl\/dok\/wp-json\/wp\/v2\/types\/post"}],"author":[{"embeddable":true,"href":"https:\/\/www.solidarnosc.org.pl\/dok\/wp-json\/wp\/v2\/users\/3"}],"replies":[{"embeddable":true,"href":"https:\/\/www.solidarnosc.org.pl\/dok\/wp-json\/wp\/v2\/comments?post=4377"}],"version-history":[{"count":2,"href":"https:\/\/www.solidarnosc.org.pl\/dok\/wp-json\/wp\/v2\/posts\/4377\/revisions"}],"predecessor-version":[{"id":11864,"href":"https:\/\/www.solidarnosc.org.pl\/dok\/wp-json\/wp\/v2\/posts\/4377\/revisions\/11864"}],"wp:attachment":[{"href":"https:\/\/www.solidarnosc.org.pl\/dok\/wp-json\/wp\/v2\/media?parent=4377"}],"wp:term":[{"taxonomy":"category","embeddable":true,"href":"https:\/\/www.solidarnosc.org.pl\/dok\/wp-json\/wp\/v2\/categories?post=4377"},{"taxonomy":"post_tag","embeddable":true,"href":"https:\/\/www.solidarnosc.org.pl\/dok\/wp-json\/wp\/v2\/tags?post=4377"}],"curies":[{"name":"wp","href":"https:\/\/api.w.org\/{rel}","templated":true}]}}