{"id":4314,"date":"2013-01-08T14:34:09","date_gmt":"2013-01-08T13:34:09","guid":{"rendered":"http:\/\/www.solidarnosc.org.pl\/dok\/?p=4314"},"modified":"2013-01-11T14:35:19","modified_gmt":"2013-01-11T13:35:19","slug":"decyzja-prezydium-kk-nr-72013-ws-przedstawicieli-nszz-solidarnosc-w-zespole-roboczym-ds-przygotowania-programu-operacyjnego-dot-polski-wschodniej-w-ramach-perspektywy-finansowej","status":"publish","type":"post","link":"https:\/\/www.solidarnosc.org.pl\/dok\/2013\/01\/08\/decyzja-prezydium-kk-nr-72013-ws-przedstawicieli-nszz-solidarnosc-w-zespole-roboczym-ds-przygotowania-programu-operacyjnego-dot-polski-wschodniej-w-ramach-perspektywy-finansowej\/","title":{"rendered":"Decyzja Prezydium KK nr 7\/2013 ws. przedstawicieli NSZZ \u201eSolidarno\u015b\u0107\u201d w zespole roboczym ds. przygotowania programu operacyjnego dot. Polski Wschodniej w ramach perspektywy finansowej na lata 2014-2020"},"content":{"rendered":"<p>Prezydium Komisji Krajowej NSZZ \u201eSolidarno\u015b\u0107\u201d zg\u0142asza kandydatury:<\/p>\n<p>Wojciecha Buczaka \u2013 na cz\u0142onka zespo\u0142u,<\/p>\n<p>J\u00f3zefa Mozolewskiego \u2013 na jego zast\u0119pc\u0119<\/p>\n<p>do prac w zespole ds. przygotowania programu operacyjnego dot. Polski Wschodniej<br \/>\nw ramach perspektywy finansowej na lata 2014-2020.<\/p>\n","protected":false},"excerpt":{"rendered":"<p>Prezydium Komisji Krajowej NSZZ \u201eSolidarno\u015b\u0107\u201d zg\u0142asza kandydatury: Wojciecha Buczaka \u2013 na cz\u0142onka zespo\u0142u, J\u00f3zefa Mozolewskiego \u2013 na jego zast\u0119pc\u0119 do prac w zespole ds. przygotowania programu operacyjnego dot. Polski Wschodniej w ramach perspektywy finansowej na lata 2014-2020.<\/p>\n","protected":false},"author":3,"featured_media":0,"comment_status":"closed","ping_status":"closed","sticky":false,"template":"","format":"standard","meta":{"footnotes":""},"categories":[54],"tags":[230,237,61,536,534],"class_list":["post-4314","post","type-post","status-publish","format-standard","hentry","category-2013prezydium","tag-230","tag-7-2013","tag-decyzja","tag-decyzja-prezydium","tag-prezydium"],"_links":{"self":[{"href":"https:\/\/www.solidarnosc.org.pl\/dok\/wp-json\/wp\/v2\/posts\/4314","targetHints":{"allow":["GET"]}}],"collection":[{"href":"https:\/\/www.solidarnosc.org.pl\/dok\/wp-json\/wp\/v2\/posts"}],"about":[{"href":"https:\/\/www.solidarnosc.org.pl\/dok\/wp-json\/wp\/v2\/types\/post"}],"author":[{"embeddable":true,"href":"https:\/\/www.solidarnosc.org.pl\/dok\/wp-json\/wp\/v2\/users\/3"}],"replies":[{"embeddable":true,"href":"https:\/\/www.solidarnosc.org.pl\/dok\/wp-json\/wp\/v2\/comments?post=4314"}],"version-history":[{"count":1,"href":"https:\/\/www.solidarnosc.org.pl\/dok\/wp-json\/wp\/v2\/posts\/4314\/revisions"}],"predecessor-version":[{"id":4316,"href":"https:\/\/www.solidarnosc.org.pl\/dok\/wp-json\/wp\/v2\/posts\/4314\/revisions\/4316"}],"wp:attachment":[{"href":"https:\/\/www.solidarnosc.org.pl\/dok\/wp-json\/wp\/v2\/media?parent=4314"}],"wp:term":[{"taxonomy":"category","embeddable":true,"href":"https:\/\/www.solidarnosc.org.pl\/dok\/wp-json\/wp\/v2\/categories?post=4314"},{"taxonomy":"post_tag","embeddable":true,"href":"https:\/\/www.solidarnosc.org.pl\/dok\/wp-json\/wp\/v2\/tags?post=4314"}],"curies":[{"name":"wp","href":"https:\/\/api.w.org\/{rel}","templated":true}]}}