{"id":4299,"date":"2013-01-08T14:24:02","date_gmt":"2013-01-08T13:24:02","guid":{"rendered":"http:\/\/www.solidarnosc.org.pl\/dok\/?p=4299"},"modified":"2013-01-11T14:25:43","modified_gmt":"2013-01-11T13:25:43","slug":"decyzja-prezydium-kk-nr-22013-ws-opinii-o-projekcie-poselskim-kp-psl-ustawy-prawo-spoldzielcze-z-autopoprawka","status":"publish","type":"post","link":"https:\/\/www.solidarnosc.org.pl\/dok\/2013\/01\/08\/decyzja-prezydium-kk-nr-22013-ws-opinii-o-projekcie-poselskim-kp-psl-ustawy-prawo-spoldzielcze-z-autopoprawka\/","title":{"rendered":"Decyzja Prezydium KK nr 2\/2013 ws. opinii o projekcie poselskim (KP PSL) ustawy \u2013 Prawo sp\u00f3\u0142dzielcze z autopoprawk\u0105"},"content":{"rendered":"<p>Przes\u0142any do zaopiniowania z upowa\u017cnienia Marsza\u0142ka Sejmu <em>projekt poselski<br \/>\n(KP PSL) ustawy \u2013 Prawo sp\u00f3\u0142dzielcze z autopoprawk\u0105 <\/em>w wi\u0119kszo\u015bci rozwi\u0105za\u0144 pokrywa si\u0119 z opiniowanym przez NSZZ \u201eSolidarno\u015b\u0107\u201d poselskim projektem ustawy Klubu Poselskiego \u201eRuch Palikota\u201d &#8211; Prawo Sp\u00f3\u0142dzielcze.<\/p>\n<p>Prezydium Komisji Krajowej NSZZ \u201eSolidarno\u015b\u0107\u201d dokonuj\u0105c analizy projektu Klubu Parlamentarnego PSL podtrzymuje uwagi zawarte w punktach: 1,2,4,5,6,9,10,11 decyzji<br \/>\nnr 171\/12 z dnia 6 pa\u017adziernika 2012 r. ws. opinii o poselskim projekcie (KP Palikota) ustawy &#8211; Prawo Sp\u00f3\u0142dzielcze.<\/p>\n<p>Pozytywnie nale\u017cy oceni\u0107 fakt, \u017ce projektodawca KP PSL podziela stanowisko wyra\u017cone przez Prezydium KK w nast\u0119puj\u0105cych punktach w\/w decyzji:<\/p>\n<p>&#8211;\u00a0\u00a0\u00a0\u00a0\u00a0\u00a0 w pkt. 3 &#8211; co do konieczno\u015bci okre\u015blenia maksymalnej kwoty wpisowego (odniesienie w projekcie KP PSL do najni\u017cszego miesi\u0119cznego wynagrodzenia okre\u015blonego na podstawie ustawy o minimalnym wynagrodzeniu za prac\u0119),<\/p>\n<p>&#8211;\u00a0\u00a0\u00a0\u00a0\u00a0\u00a0 w pkt. 7 &#8211; poprzez odej\u015bcie w autopoprawce do projektu od wy\u0142\u0105czenia zastosowania art. 23\u00b9 ustawy z dnia 26 czerwca 1974 roku \u2013 Kodeks pracy<br \/>\nw przypadku \u0142\u0105czenia si\u0119 sp\u00f3\u0142dzielni,<\/p>\n<p>&#8211;\u00a0\u00a0\u00a0\u00a0\u00a0\u00a0 w pkt. 8 &#8211; poprzez odej\u015bcie w autopoprawce do projektu od dopuszczenia wielokrotnego zawierania z cz\u0142onkami sp\u00f3\u0142dzielni umowy na czas okre\u015blony, kt\u00f3re nie spowoduje przekszta\u0142cenia jej w umow\u0119 na czas nieokre\u015blony.<\/p>\n<p>Jednocze\u015bnie wskazujemy, i\u017c w art. 120 projektu reguluj\u0105cym m.in. wyga\u015bni\u0119cie sp\u00f3\u0142dzielczej umowy o prac\u0119 mylnie wskazano odniesienia do innych przepis\u00f3w projektu.<br \/>\nW ust\u0119pie 1 tego przepisu zamiast do art. 120 ust. 2 powinno by\u0107 odniesienie do art. 125 ust. 2 projektu. Natomiast w ust\u0119pie 2\u00a0 art. 120 zamiast do art. 116 powinno by\u0107 odniesienie<br \/>\ndo art. 120 projektu.<\/p>\n","protected":false},"excerpt":{"rendered":"<p>Przes\u0142any do zaopiniowania z upowa\u017cnienia Marsza\u0142ka Sejmu projekt poselski (KP PSL) ustawy \u2013 Prawo sp\u00f3\u0142dzielcze z autopoprawk\u0105 w wi\u0119kszo\u015bci rozwi\u0105za\u0144 pokrywa si\u0119 z opiniowanym przez NSZZ \u201eSolidarno\u015b\u0107\u201d poselskim projektem ustawy Klubu Poselskiego \u201eRuch Palikota\u201d &#8211; Prawo Sp\u00f3\u0142dzielcze. Prezydium Komisji Krajowej NSZZ \u201eSolidarno\u015b\u0107\u201d dokonuj\u0105c analizy projektu Klubu Parlamentarnego PSL podtrzymuje uwagi zawarte w punktach: 1,2,4,5,6,9,10,11 decyzji [&hellip;]<\/p>\n","protected":false},"author":3,"featured_media":0,"comment_status":"closed","ping_status":"closed","sticky":false,"template":"","format":"standard","meta":{"footnotes":""},"categories":[54],"tags":[232,230,61,536,534],"class_list":["post-4299","post","type-post","status-publish","format-standard","hentry","category-2013prezydium","tag-2-2013","tag-230","tag-decyzja","tag-decyzja-prezydium","tag-prezydium"],"_links":{"self":[{"href":"https:\/\/www.solidarnosc.org.pl\/dok\/wp-json\/wp\/v2\/posts\/4299","targetHints":{"allow":["GET"]}}],"collection":[{"href":"https:\/\/www.solidarnosc.org.pl\/dok\/wp-json\/wp\/v2\/posts"}],"about":[{"href":"https:\/\/www.solidarnosc.org.pl\/dok\/wp-json\/wp\/v2\/types\/post"}],"author":[{"embeddable":true,"href":"https:\/\/www.solidarnosc.org.pl\/dok\/wp-json\/wp\/v2\/users\/3"}],"replies":[{"embeddable":true,"href":"https:\/\/www.solidarnosc.org.pl\/dok\/wp-json\/wp\/v2\/comments?post=4299"}],"version-history":[{"count":1,"href":"https:\/\/www.solidarnosc.org.pl\/dok\/wp-json\/wp\/v2\/posts\/4299\/revisions"}],"predecessor-version":[{"id":4301,"href":"https:\/\/www.solidarnosc.org.pl\/dok\/wp-json\/wp\/v2\/posts\/4299\/revisions\/4301"}],"wp:attachment":[{"href":"https:\/\/www.solidarnosc.org.pl\/dok\/wp-json\/wp\/v2\/media?parent=4299"}],"wp:term":[{"taxonomy":"category","embeddable":true,"href":"https:\/\/www.solidarnosc.org.pl\/dok\/wp-json\/wp\/v2\/categories?post=4299"},{"taxonomy":"post_tag","embeddable":true,"href":"https:\/\/www.solidarnosc.org.pl\/dok\/wp-json\/wp\/v2\/tags?post=4299"}],"curies":[{"name":"wp","href":"https:\/\/api.w.org\/{rel}","templated":true}]}}