{"id":4240,"date":"2012-11-27T13:23:48","date_gmt":"2012-11-27T12:23:48","guid":{"rendered":"http:\/\/www.solidarnosc.org.pl\/dok\/?p=4240"},"modified":"2012-12-10T13:25:45","modified_gmt":"2012-12-10T12:25:45","slug":"decyzja-prezydium-kk-nr-2192012-ws-przekazania-dotacji-na-wsparcie-dzialan-statutowych-regionow-i-sekretariatow-branzowych","status":"publish","type":"post","link":"https:\/\/www.solidarnosc.org.pl\/dok\/2012\/11\/27\/decyzja-prezydium-kk-nr-2192012-ws-przekazania-dotacji-na-wsparcie-dzialan-statutowych-regionow-i-sekretariatow-branzowych\/","title":{"rendered":"Decyzja Prezydium KK nr 219\/2012 ws. przekazania dotacji na wsparcie dzia\u0142a\u0144 statutowych Region\u00f3w i Sekretariat\u00f3w Bran\u017cowych"},"content":{"rendered":"<p><span style=\"color: #ff0000;\">Decyzja do u\u017cytku s\u0142u\u017cbowego<\/span><\/p>\n","protected":false},"excerpt":{"rendered":"<p>Decyzja do u\u017cytku s\u0142u\u017cbowego<\/p>\n","protected":false},"author":3,"featured_media":0,"comment_status":"closed","ping_status":"closed","sticky":false,"template":"","format":"standard","meta":{"footnotes":""},"categories":[48],"tags":[195,937,61,536,534],"class_list":["post-4240","post","type-post","status-publish","format-standard","hentry","category-2012prezydium","tag-195","tag-219-2012","tag-decyzja","tag-decyzja-prezydium","tag-prezydium"],"_links":{"self":[{"href":"https:\/\/www.solidarnosc.org.pl\/dok\/wp-json\/wp\/v2\/posts\/4240","targetHints":{"allow":["GET"]}}],"collection":[{"href":"https:\/\/www.solidarnosc.org.pl\/dok\/wp-json\/wp\/v2\/posts"}],"about":[{"href":"https:\/\/www.solidarnosc.org.pl\/dok\/wp-json\/wp\/v2\/types\/post"}],"author":[{"embeddable":true,"href":"https:\/\/www.solidarnosc.org.pl\/dok\/wp-json\/wp\/v2\/users\/3"}],"replies":[{"embeddable":true,"href":"https:\/\/www.solidarnosc.org.pl\/dok\/wp-json\/wp\/v2\/comments?post=4240"}],"version-history":[{"count":1,"href":"https:\/\/www.solidarnosc.org.pl\/dok\/wp-json\/wp\/v2\/posts\/4240\/revisions"}],"predecessor-version":[{"id":4242,"href":"https:\/\/www.solidarnosc.org.pl\/dok\/wp-json\/wp\/v2\/posts\/4240\/revisions\/4242"}],"wp:attachment":[{"href":"https:\/\/www.solidarnosc.org.pl\/dok\/wp-json\/wp\/v2\/media?parent=4240"}],"wp:term":[{"taxonomy":"category","embeddable":true,"href":"https:\/\/www.solidarnosc.org.pl\/dok\/wp-json\/wp\/v2\/categories?post=4240"},{"taxonomy":"post_tag","embeddable":true,"href":"https:\/\/www.solidarnosc.org.pl\/dok\/wp-json\/wp\/v2\/tags?post=4240"}],"curies":[{"name":"wp","href":"https:\/\/api.w.org\/{rel}","templated":true}]}}