{"id":4234,"date":"2012-11-27T13:18:22","date_gmt":"2012-11-27T12:18:22","guid":{"rendered":"http:\/\/www.solidarnosc.org.pl\/dok\/?p=4234"},"modified":"2012-12-10T13:22:58","modified_gmt":"2012-12-10T12:22:58","slug":"decyzja-prezydium-kk-nr-2182012-ws-dokumentu-roboczego-komisji-europejskiej-pt-ponadnarodowe-uklady-ramowe-wypelnianie-potencjalu-dialogu-spolecznego-swd2012-264-final","status":"publish","type":"post","link":"https:\/\/www.solidarnosc.org.pl\/dok\/2012\/11\/27\/decyzja-prezydium-kk-nr-2182012-ws-dokumentu-roboczego-komisji-europejskiej-pt-ponadnarodowe-uklady-ramowe-wypelnianie-potencjalu-dialogu-spolecznego-swd2012-264-final\/","title":{"rendered":"Decyzja Prezydium KK nr 218\/2012 ws. dokumentu roboczego Komisji Europejskiej pt. Ponadnarodowe uk\u0142ady ramowe. Wype\u0142nianie potencja\u0142u dialogu spo\u0142ecznego ((SWD(2012) 264 final)"},"content":{"rendered":"<p>Prezydium Komisji Krajowej NSZZ \u201eSolidarno\u015b\u0107\u201d z zadowoleniem przyjmuje podj\u0119cie przez Komisj\u0119 Europejsk\u0105 publicznych konsultacji w sprawie obecnej roli oraz przysz\u0142o\u015bci ponadnarodowych uk\u0142ad\u00f3w ramowych (transnational company agreements &#8211; TCA). Jest to w\u0142a\u015bciwa reakcja na wyniki pracy grupy eksperckiej powo\u0142anej przy Komisji Europejskiej do analizy rozwijaj\u0105cego si\u0119 spontanicznie od kilkunastu lat zjawiska negocjacji zbiorowych mi\u0119dzy zarz\u0105dami korporacji ponadnarodowych oraz reprezentacj\u0105 pracownicz\u0105.<\/p>\n<p>Prezydium KK zwraca uwag\u0119, \u017ce jest to zagadnienie szczeg\u00f3lnie istotne<br \/>\nz perspektywy nowych pa\u0144stw cz\u0142onkowskich. Zauwa\u017calna s\u0142abo\u015b\u0107 stosunk\u00f3w przemys\u0142owych w tych krajach oraz niech\u0119\u0107 korporacji ponadnarodowych do w\u0142\u0105czania si\u0119<br \/>\nw budow\u0119 stabilnych system\u00f3w rokowa\u0144 zbiorowych na poziomie sektorowym sprawiaj\u0105,<br \/>\n\u017ce istnieje zasadnicza r\u00f3\u017cnica <em>in minus<\/em> w rzeczywistym poziomie ochrony zbiorowych interes\u00f3w pracownik\u00f3w filii przedsi\u0119biorstw ponadnarodowych w por\u00f3wnaniu ze starymi pa\u0144stwami cz\u0142onkowskimi. Rozw\u00f3j jako\u015bciowy praktyki zawierania ponadnarodowych uk\u0142ad\u00f3w ramowych mo\u017ce ten stan zmieni\u0107 na lepsze.<\/p>\n<p>Poniewa\u017c art. 151 Traktatu o Funkcjonowaniu Unii Europejskiej wskazuje, \u017ce celem Unii jest m.in. taka poprawa warunk\u00f3w pracy aby umo\u017cliwi\u0107 ich wyr\u00f3wnywanie<br \/>\nz jednoczesnym zachowaniem post\u0119pu, a art. 153 Traktatu daje Unii stosowne kompetencje, uwa\u017camy, \u017ce uprawnione jest oczekiwanie, i\u017c rozw\u00f3j TCA, kt\u00f3rych zapisy odnosz\u0105 si\u0119 wy\u0142\u0105cznie do pracownik\u00f3w zatrudnionych w pa\u0144stwach cz\u0142onkowskich UE (Europejskie uk\u0142ady ramowe \u2013 EFA) spotka si\u0119 ze wsparciem Komisji Europejskiej poprzez przygotowanie propozycji odpowiedniej regulacji prawnej na poziomie unijnym. Zapewnia\u0142aby ona \u2013<br \/>\nw przypadku gdy \u017cyczy\u0107 tego b\u0119d\u0105 sobie strony takiego uk\u0142adu \u2013 odpowiedni\u0105 jasno\u015b\u0107 prawn\u0105 dotycz\u0105c\u0105 wdra\u017cania zapis\u00f3w uk\u0142adu na poziomie krajowym. Pomo\u017ce to tak\u017ce<br \/>\nw jednoznacznym rozwianiu w\u0105tpliwo\u015bci, kto mo\u017ce podpisywa\u0107 taki uk\u0142ad po stronie pracownik\u00f3w. W opinii Prezydium KK uprawnienie takie mo\u017ce przys\u0142ugiwa\u0107 wy\u0142\u0105cznie reprezentacji zwi\u0105zkowej, reprezentatywnej w wymiarze unijnym oraz posiadaj\u0105cej stosowny mandat do reprezentowania wszystkich pracownik\u00f3w z pa\u0144stw cz\u0142onkowskich w kt\u00f3rych dzia\u0142a dana korporacja.<\/p>\n<p>Reasumuj\u0105c, uwa\u017camy, \u017ce Komisja Europejska powinna podj\u0105\u0107 w tej sprawie formalne konsultacje z europejskimi partnerami spo\u0142ecznymi w trybie art. 154 Traktatu o Funkcjonowaniu Unii Europejskiej.<\/p>\n","protected":false},"excerpt":{"rendered":"<p>Prezydium Komisji Krajowej NSZZ \u201eSolidarno\u015b\u0107\u201d z zadowoleniem przyjmuje podj\u0119cie przez Komisj\u0119 Europejsk\u0105 publicznych konsultacji w sprawie obecnej roli oraz przysz\u0142o\u015bci ponadnarodowych uk\u0142ad\u00f3w ramowych (transnational company agreements &#8211; TCA). Jest to w\u0142a\u015bciwa reakcja na wyniki pracy grupy eksperckiej powo\u0142anej przy Komisji Europejskiej do analizy rozwijaj\u0105cego si\u0119 spontanicznie od kilkunastu lat zjawiska negocjacji zbiorowych mi\u0119dzy zarz\u0105dami korporacji [&hellip;]<\/p>\n","protected":false},"author":3,"featured_media":0,"comment_status":"closed","ping_status":"closed","sticky":false,"template":"","format":"standard","meta":{"footnotes":""},"categories":[48],"tags":[195,936,61,536,534],"class_list":["post-4234","post","type-post","status-publish","format-standard","hentry","category-2012prezydium","tag-195","tag-218-2012","tag-decyzja","tag-decyzja-prezydium","tag-prezydium"],"_links":{"self":[{"href":"https:\/\/www.solidarnosc.org.pl\/dok\/wp-json\/wp\/v2\/posts\/4234","targetHints":{"allow":["GET"]}}],"collection":[{"href":"https:\/\/www.solidarnosc.org.pl\/dok\/wp-json\/wp\/v2\/posts"}],"about":[{"href":"https:\/\/www.solidarnosc.org.pl\/dok\/wp-json\/wp\/v2\/types\/post"}],"author":[{"embeddable":true,"href":"https:\/\/www.solidarnosc.org.pl\/dok\/wp-json\/wp\/v2\/users\/3"}],"replies":[{"embeddable":true,"href":"https:\/\/www.solidarnosc.org.pl\/dok\/wp-json\/wp\/v2\/comments?post=4234"}],"version-history":[{"count":2,"href":"https:\/\/www.solidarnosc.org.pl\/dok\/wp-json\/wp\/v2\/posts\/4234\/revisions"}],"predecessor-version":[{"id":4238,"href":"https:\/\/www.solidarnosc.org.pl\/dok\/wp-json\/wp\/v2\/posts\/4234\/revisions\/4238"}],"wp:attachment":[{"href":"https:\/\/www.solidarnosc.org.pl\/dok\/wp-json\/wp\/v2\/media?parent=4234"}],"wp:term":[{"taxonomy":"category","embeddable":true,"href":"https:\/\/www.solidarnosc.org.pl\/dok\/wp-json\/wp\/v2\/categories?post=4234"},{"taxonomy":"post_tag","embeddable":true,"href":"https:\/\/www.solidarnosc.org.pl\/dok\/wp-json\/wp\/v2\/tags?post=4234"}],"curies":[{"name":"wp","href":"https:\/\/api.w.org\/{rel}","templated":true}]}}