{"id":4179,"date":"2012-11-23T11:32:55","date_gmt":"2012-11-23T10:32:55","guid":{"rendered":"http:\/\/www.solidarnosc.org.pl\/dok\/?p=4179"},"modified":"2012-12-10T11:33:54","modified_gmt":"2012-12-10T10:33:54","slug":"apel-xxvi-kzd-nr-62012-ws-opracowania-narodowej-strategii-demograficznej","status":"publish","type":"post","link":"https:\/\/www.solidarnosc.org.pl\/dok\/2012\/11\/23\/apel-xxvi-kzd-nr-62012-ws-opracowania-narodowej-strategii-demograficznej\/","title":{"rendered":"Apel XXVI KZD nr 6\/2012 ws. opracowania Narodowej Strategii Demograficznej"},"content":{"rendered":"<p>Krajowy Zjazd Delegat\u00f3w NSZZ \u201eSolidarno\u015b\u0107\u201d nawi\u0105zuj\u0105c do prac ko\u0144cz\u0105cego si\u0119<br \/>\nII Kongresu Demograficznego wzywa w\u0142adze pa\u0144stwowe do opracowania Narodowej Strategii Demograficznej oraz prowadzenia polityki prorodzinnej.<\/p>\n","protected":false},"excerpt":{"rendered":"<p>Krajowy Zjazd Delegat\u00f3w NSZZ \u201eSolidarno\u015b\u0107\u201d nawi\u0105zuj\u0105c do prac ko\u0144cz\u0105cego si\u0119 II Kongresu Demograficznego wzywa w\u0142adze pa\u0144stwowe do opracowania Narodowej Strategii Demograficznej oraz prowadzenia polityki prorodzinnej.<\/p>\n","protected":false},"author":3,"featured_media":0,"comment_status":"closed","ping_status":"closed","sticky":false,"template":"","format":"standard","meta":{"footnotes":""},"categories":[53],"tags":[195,202,64,2832,2636,3119],"class_list":["post-4179","post","type-post","status-publish","format-standard","hentry","category-26kzd","tag-195","tag-6-2012","tag-apel","tag-apel-kzd","tag-kzd","tag-xxvi-kzd"],"_links":{"self":[{"href":"https:\/\/www.solidarnosc.org.pl\/dok\/wp-json\/wp\/v2\/posts\/4179","targetHints":{"allow":["GET"]}}],"collection":[{"href":"https:\/\/www.solidarnosc.org.pl\/dok\/wp-json\/wp\/v2\/posts"}],"about":[{"href":"https:\/\/www.solidarnosc.org.pl\/dok\/wp-json\/wp\/v2\/types\/post"}],"author":[{"embeddable":true,"href":"https:\/\/www.solidarnosc.org.pl\/dok\/wp-json\/wp\/v2\/users\/3"}],"replies":[{"embeddable":true,"href":"https:\/\/www.solidarnosc.org.pl\/dok\/wp-json\/wp\/v2\/comments?post=4179"}],"version-history":[{"count":1,"href":"https:\/\/www.solidarnosc.org.pl\/dok\/wp-json\/wp\/v2\/posts\/4179\/revisions"}],"predecessor-version":[{"id":4181,"href":"https:\/\/www.solidarnosc.org.pl\/dok\/wp-json\/wp\/v2\/posts\/4179\/revisions\/4181"}],"wp:attachment":[{"href":"https:\/\/www.solidarnosc.org.pl\/dok\/wp-json\/wp\/v2\/media?parent=4179"}],"wp:term":[{"taxonomy":"category","embeddable":true,"href":"https:\/\/www.solidarnosc.org.pl\/dok\/wp-json\/wp\/v2\/categories?post=4179"},{"taxonomy":"post_tag","embeddable":true,"href":"https:\/\/www.solidarnosc.org.pl\/dok\/wp-json\/wp\/v2\/tags?post=4179"}],"curies":[{"name":"wp","href":"https:\/\/api.w.org\/{rel}","templated":true}]}}