{"id":4119,"date":"2012-11-23T10:51:08","date_gmt":"2012-11-23T09:51:08","guid":{"rendered":"http:\/\/www.solidarnosc.org.pl\/dok\/?p=4119"},"modified":"2012-12-10T10:52:14","modified_gmt":"2012-12-10T09:52:14","slug":"stanowisko-xxvi-kzd-nr-72012-ws-polityki-oswiatowej","status":"publish","type":"post","link":"https:\/\/www.solidarnosc.org.pl\/dok\/2012\/11\/23\/stanowisko-xxvi-kzd-nr-72012-ws-polityki-oswiatowej\/","title":{"rendered":"Stanowisko XXVI KZD nr 7\/2012 ws. polityki o\u015bwiatowej"},"content":{"rendered":"<p>Krajowy Zjazd Delegat\u00f3w NSZZ \u201eSolidarno\u015b\u0107\u201d sprzeciwia si\u0119 propozycjom zmian<br \/>\nw prawie o\u015bwiatowym przedstawionym przez korporacje samorz\u0105dowe, kt\u00f3rych skutkiem b\u0119dzie:<\/p>\n<p>&#8211; obni\u017cenie jako\u015bci edukacji,<\/p>\n<p>&#8211; pogorszenie warunk\u00f3w nauczania i uczenia si\u0119,<\/p>\n<p>&#8211; destabilizacja systemu o\u015bwiaty i warunk\u00f3w pracy.<\/p>\n<p>&nbsp;<\/p>\n<p>NSZZ \u201eSolidarno\u015b\u0107\u201d od wielu lat domaga si\u0119 wzrostu nak\u0142ad\u00f3w na o\u015bwiat\u0119<br \/>\nna poziomie 5% PKB.\u00a0 Zwi\u0105zek oczekuje, \u017ce jednostki samorz\u0105du terytorialnego zamiast ograniczania wydatk\u00f3w na o\u015bwiat\u0119, podejm\u0105 skuteczne dzia\u0142ania wobec Rz\u0105du RP<br \/>\ni wyegzekwuj\u0105 w\u0142a\u015bciwy spos\u00f3b i poziom subwencjonowania zada\u0144 o\u015bwiatowych.<\/p>\n<p>Za niedopuszczalne uwa\u017camy przenoszenie, przez Rz\u0105d Rzeczypospolitej Polskiej, odpowiedzialno\u015bci pa\u0144stwa za finansowanie o\u015bwiaty na samorz\u0105dy i rodzic\u00f3w.<\/p>\n","protected":false},"excerpt":{"rendered":"<p>Krajowy Zjazd Delegat\u00f3w NSZZ \u201eSolidarno\u015b\u0107\u201d sprzeciwia si\u0119 propozycjom zmian w prawie o\u015bwiatowym przedstawionym przez korporacje samorz\u0105dowe, kt\u00f3rych skutkiem b\u0119dzie: &#8211; obni\u017cenie jako\u015bci edukacji, &#8211; pogorszenie warunk\u00f3w nauczania i uczenia si\u0119, &#8211; destabilizacja systemu o\u015bwiaty i warunk\u00f3w pracy. &nbsp; NSZZ \u201eSolidarno\u015b\u0107\u201d od wielu lat domaga si\u0119 wzrostu nak\u0142ad\u00f3w na o\u015bwiat\u0119 na poziomie 5% PKB.\u00a0 Zwi\u0105zek oczekuje, [&hellip;]<\/p>\n","protected":false},"author":3,"featured_media":0,"comment_status":"closed","ping_status":"closed","sticky":false,"template":"","format":"standard","meta":{"footnotes":""},"categories":[53],"tags":[195,201,2636,63,2661,3119],"class_list":["post-4119","post","type-post","status-publish","format-standard","hentry","category-26kzd","tag-195","tag-7-2012","tag-kzd","tag-stanowisko","tag-stanowisko-kzd","tag-xxvi-kzd"],"_links":{"self":[{"href":"https:\/\/www.solidarnosc.org.pl\/dok\/wp-json\/wp\/v2\/posts\/4119","targetHints":{"allow":["GET"]}}],"collection":[{"href":"https:\/\/www.solidarnosc.org.pl\/dok\/wp-json\/wp\/v2\/posts"}],"about":[{"href":"https:\/\/www.solidarnosc.org.pl\/dok\/wp-json\/wp\/v2\/types\/post"}],"author":[{"embeddable":true,"href":"https:\/\/www.solidarnosc.org.pl\/dok\/wp-json\/wp\/v2\/users\/3"}],"replies":[{"embeddable":true,"href":"https:\/\/www.solidarnosc.org.pl\/dok\/wp-json\/wp\/v2\/comments?post=4119"}],"version-history":[{"count":1,"href":"https:\/\/www.solidarnosc.org.pl\/dok\/wp-json\/wp\/v2\/posts\/4119\/revisions"}],"predecessor-version":[{"id":4121,"href":"https:\/\/www.solidarnosc.org.pl\/dok\/wp-json\/wp\/v2\/posts\/4119\/revisions\/4121"}],"wp:attachment":[{"href":"https:\/\/www.solidarnosc.org.pl\/dok\/wp-json\/wp\/v2\/media?parent=4119"}],"wp:term":[{"taxonomy":"category","embeddable":true,"href":"https:\/\/www.solidarnosc.org.pl\/dok\/wp-json\/wp\/v2\/categories?post=4119"},{"taxonomy":"post_tag","embeddable":true,"href":"https:\/\/www.solidarnosc.org.pl\/dok\/wp-json\/wp\/v2\/tags?post=4119"}],"curies":[{"name":"wp","href":"https:\/\/api.w.org\/{rel}","templated":true}]}}