{"id":408,"date":"1991-02-24T12:01:23","date_gmt":"1991-02-24T11:01:23","guid":{"rendered":"http:\/\/www.solidarnosc.org.pl\/dok\/?p=408"},"modified":"2012-09-28T12:02:42","modified_gmt":"2012-09-28T10:02:42","slug":"uchwala-nr-71991-ws-rozmow-z-rzadem-rp","status":"publish","type":"post","link":"https:\/\/www.solidarnosc.org.pl\/dok\/1991\/02\/24\/uchwala-nr-71991-ws-rozmow-z-rzadem-rp\/","title":{"rendered":"Uchwa\u0142a nr 7\/1991 ws. rozm\u00f3w z Rz\u0105dem RP"},"content":{"rendered":"<p>III KZD NSZZ \u201eSolidarno\u015b\u0107\u201d stwierdza, ze prowadzone w lutym 1991 r. rozmowy Prezydium KK z Rz\u0105dem RP zako\u0144czy\u0142y si\u0119 niepowodzeniem.<\/p>\n<p>III KZD po zapoznaniu si\u0119 ze stanowiskiem KK z dnia 91.02.07<br \/>\nw sprawie popiwku zatwierdza to stanowisko, domaga si\u0119 dalszych negocjacji<br \/>\ni zobowi\u0105zuje KK w przypadku niepowodzenia w rozmowach do przeprowadzenia og\u00f3lnopolskiej akcji protestacyjnej.<\/p>\n<p>Stan Kraju, szybki wzrost niepokoj\u00f3w spo\u0142ecznych, wybuchaj\u0105ce kolejno strajki budz\u0105 nasz niepok\u00f3j. Rodzi si\u0119 obawa, \u017ce kontynuowanie reform dotychczasowymi sposobami mo\u017ce zako\u0144czy\u0107 si\u0119 gwa\u0142towna katastrof\u0105.<\/p>\n<p>Zwi\u0105zek pilnie oczekuje od rz\u0105du konkretnych propozycji<br \/>\nw nast\u0119puj\u0105cych sprawach:<\/p>\n<p>&#8211;\u00a0\u00a0\u00a0\u00a0\u00a0\u00a0\u00a0\u00a0 dzia\u0142a\u0144 podj\u0119tych dla pomocy ludziom najmniej zarabiaj\u0105cym;<\/p>\n<p>&#8211;\u00a0\u00a0\u00a0\u00a0\u00a0\u00a0\u00a0\u00a0 stanu prac nad innymi systemami podatkowymi;<\/p>\n<p>&#8211;\u00a0\u00a0\u00a0\u00a0\u00a0\u00a0\u00a0\u00a0 zakresu i tre\u015bci proponowanej nam umowy spo\u0142ecznej;<\/p>\n<p>&#8211;\u00a0\u00a0\u00a0\u00a0\u00a0\u00a0\u00a0\u00a0 sposobu kontroli owej umowy;<\/p>\n<p>&#8211;\u00a0\u00a0\u00a0\u00a0\u00a0\u00a0\u00a0\u00a0 sposob\u00f3w zabezpieczenia interesu pracownik\u00f3w i uprawnie\u0144 zwi\u0105zk\u00f3w zawodowych w procesie prywatyzacji; przedstawienia sprawiedliwego systemu kredytowania budownictwa oraz systemu rewaloryzacji wk\u0142ad\u00f3w mieszkaniowych.<\/p>\n<p>Integraln\u0105 cz\u0119\u015bci\u0105 niniejszej uchwa\u0142y jest stanowisko KK z 91.02.07<br \/>\nw sprawie popiwku.<\/p>\n","protected":false},"excerpt":{"rendered":"<p>III KZD NSZZ \u201eSolidarno\u015b\u0107\u201d stwierdza, ze prowadzone w lutym 1991 r. rozmowy Prezydium KK z Rz\u0105dem RP zako\u0144czy\u0142y si\u0119 niepowodzeniem. III KZD po zapoznaniu si\u0119 ze stanowiskiem KK z dnia 91.02.07 w sprawie popiwku zatwierdza to stanowisko, domaga si\u0119 dalszych negocjacji i zobowi\u0105zuje KK w przypadku niepowodzenia w rozmowach do przeprowadzenia og\u00f3lnopolskiej akcji protestacyjnej. Stan [&hellip;]<\/p>\n","protected":false},"author":3,"featured_media":0,"comment_status":"closed","ping_status":"closed","sticky":false,"template":"","format":"standard","meta":{"footnotes":""},"categories":[20,16],"tags":[2726,2733,2636,62,2638],"class_list":["post-408","post","type-post","status-publish","format-standard","hentry","category-3kzd","category-dokkzd","tag-2726","tag-7-1991","tag-kzd","tag-uchwala","tag-uchwala-kzd"],"_links":{"self":[{"href":"https:\/\/www.solidarnosc.org.pl\/dok\/wp-json\/wp\/v2\/posts\/408","targetHints":{"allow":["GET"]}}],"collection":[{"href":"https:\/\/www.solidarnosc.org.pl\/dok\/wp-json\/wp\/v2\/posts"}],"about":[{"href":"https:\/\/www.solidarnosc.org.pl\/dok\/wp-json\/wp\/v2\/types\/post"}],"author":[{"embeddable":true,"href":"https:\/\/www.solidarnosc.org.pl\/dok\/wp-json\/wp\/v2\/users\/3"}],"replies":[{"embeddable":true,"href":"https:\/\/www.solidarnosc.org.pl\/dok\/wp-json\/wp\/v2\/comments?post=408"}],"version-history":[{"count":1,"href":"https:\/\/www.solidarnosc.org.pl\/dok\/wp-json\/wp\/v2\/posts\/408\/revisions"}],"predecessor-version":[{"id":409,"href":"https:\/\/www.solidarnosc.org.pl\/dok\/wp-json\/wp\/v2\/posts\/408\/revisions\/409"}],"wp:attachment":[{"href":"https:\/\/www.solidarnosc.org.pl\/dok\/wp-json\/wp\/v2\/media?parent=408"}],"wp:term":[{"taxonomy":"category","embeddable":true,"href":"https:\/\/www.solidarnosc.org.pl\/dok\/wp-json\/wp\/v2\/categories?post=408"},{"taxonomy":"post_tag","embeddable":true,"href":"https:\/\/www.solidarnosc.org.pl\/dok\/wp-json\/wp\/v2\/tags?post=408"}],"curies":[{"name":"wp","href":"https:\/\/api.w.org\/{rel}","templated":true}]}}