{"id":402,"date":"1991-02-24T11:57:28","date_gmt":"1991-02-24T10:57:28","guid":{"rendered":"http:\/\/www.solidarnosc.org.pl\/dok\/?p=402"},"modified":"2012-09-28T11:58:31","modified_gmt":"2012-09-28T09:58:31","slug":"uchwala-nr-41991-ws-zmian-w-statucie","status":"publish","type":"post","link":"https:\/\/www.solidarnosc.org.pl\/dok\/1991\/02\/24\/uchwala-nr-41991-ws-zmian-w-statucie\/","title":{"rendered":"Uchwa\u0142a nr 4\/1991 ws. zmian w Statucie"},"content":{"rendered":"<ol>\n<li>Par. 10 uzyskuje brzmienie:<\/li>\n<\/ol>\n<p>pkt. 1. Ogniwa Zwi\u0105zku powstaj\u0105 z inicjatywy pracownik\u00f3w, kt\u00f3rzy tworz\u0105 w tym celu zak\u0142adowe komitety za\u0142o\u017cycielskie. komitety za\u0142o\u017cycielskie u\u017cywaj\u0105 nazwy Tymczasowa Komisja Zak\u0142adowa. Powo\u0142anie ogniwa zak\u0142adowego powinno by\u0107 zg\u0142oszone regionalnemu zarz\u0105dowi Zwi\u0105zku.<\/p>\n<p>pkt. 2. Osobowo\u015b\u0107 prawn\u0105 posiadaj\u0105 r\u00f3wnie\u017c: organizacje regionalne, organizacje zak\u0142adowe i mi\u0119dzyzak\u0142adowe organizacje zwi\u0105zkowe<br \/>\nw rozumieniu par. 8 pkt 1 ust. 4.<\/p>\n<p>pkt 3. Zwi\u0105zek nie odpowiada za zobowi\u0105zania jednostek organizacyjnych Zwi\u0105zku posiadaj\u0105cych osobowo\u015b\u0107 prawn\u0105.<\/p>\n<p>pkt 4. Od\u0142\u0105czenie si\u0119 organizacji zak\u0142adowych lub regionalnych od NSZZ powoduje utrat\u0119 prawa do u\u017cywania nazwy i znaku NSZZ \u201eSolidarno\u015b\u0107\u201d.<\/p>\n<ol>\n<li>Par. 19 pkt 4 uzyskuje brzmienie:<\/li>\n<\/ol>\n<p>W sk\u0142ad Komisji Krajowej wchodz\u0105:<\/p>\n<p>1)\u00a0\u00a0\u00a0\u00a0\u00a0\u00a0\u00a0\u00a0\u00a0\u00a0\u00a0\u00a0\u00a0 przewodnicz\u0105cy Komisji Krajowej;<\/p>\n<p>2)\u00a0\u00a0\u00a0\u00a0\u00a0\u00a0\u00a0\u00a0\u00a0\u00a0\u00a0\u00a0\u00a0 przewodnicz\u0105cy zarz\u0105d\u00f3w regionalnych;<\/p>\n<p>3)\u00a0\u00a0\u00a0\u00a0\u00a0\u00a0\u00a0\u00a0\u00a0\u00a0\u00a0\u00a0\u00a0 przewodnicz\u0105cy sekretariat\u00f3w;<\/p>\n<p>4)\u00a0\u00a0\u00a0\u00a0\u00a0\u00a0\u00a0\u00a0\u00a0\u00a0\u00a0\u00a0\u00a0 osoby wybrane przez Zjazd spo\u015br\u00f3d delegat\u00f3w.<\/p>\n<ol>\n<li>W par. 30 dodaje si\u0119:<\/li>\n<\/ol>\n<p>pkt 4 w brzmieniu:<\/p>\n<p>liczba sekretariat\u00f3w nie mo\u017ce przekroczy\u0107 15.<\/p>\n<p>pkt 5 w brzmieniu:<\/p>\n<p>przewodnicz\u0105cy sekretariat\u00f3w wchodz\u0105 w sk\u0142ad Komisji krajowej.<\/p>\n<p>4. W par. 31 pkt 3 dopisuje si\u0119 zdanie: w kt\u00f3rych mog\u0105 si\u0119 zrzesza\u0107 Komisje Terenowe i ko\u0142a emeryt\u00f3w i rencist\u00f3w przy Komisjach Zak\u0142adowych.<\/p>\n","protected":false},"excerpt":{"rendered":"<p>Par. 10 uzyskuje brzmienie: pkt. 1. Ogniwa Zwi\u0105zku powstaj\u0105 z inicjatywy pracownik\u00f3w, kt\u00f3rzy tworz\u0105 w tym celu zak\u0142adowe komitety za\u0142o\u017cycielskie. komitety za\u0142o\u017cycielskie u\u017cywaj\u0105 nazwy Tymczasowa Komisja Zak\u0142adowa. Powo\u0142anie ogniwa zak\u0142adowego powinno by\u0107 zg\u0142oszone regionalnemu zarz\u0105dowi Zwi\u0105zku. pkt. 2. Osobowo\u015b\u0107 prawn\u0105 posiadaj\u0105 r\u00f3wnie\u017c: organizacje regionalne, organizacje zak\u0142adowe i mi\u0119dzyzak\u0142adowe organizacje zwi\u0105zkowe w rozumieniu par. 8 pkt [&hellip;]<\/p>\n","protected":false},"author":3,"featured_media":0,"comment_status":"closed","ping_status":"closed","sticky":false,"template":"","format":"standard","meta":{"footnotes":""},"categories":[20,16],"tags":[2726,2730,2636,62,2638],"class_list":["post-402","post","type-post","status-publish","format-standard","hentry","category-3kzd","category-dokkzd","tag-2726","tag-4-1991","tag-kzd","tag-uchwala","tag-uchwala-kzd"],"_links":{"self":[{"href":"https:\/\/www.solidarnosc.org.pl\/dok\/wp-json\/wp\/v2\/posts\/402","targetHints":{"allow":["GET"]}}],"collection":[{"href":"https:\/\/www.solidarnosc.org.pl\/dok\/wp-json\/wp\/v2\/posts"}],"about":[{"href":"https:\/\/www.solidarnosc.org.pl\/dok\/wp-json\/wp\/v2\/types\/post"}],"author":[{"embeddable":true,"href":"https:\/\/www.solidarnosc.org.pl\/dok\/wp-json\/wp\/v2\/users\/3"}],"replies":[{"embeddable":true,"href":"https:\/\/www.solidarnosc.org.pl\/dok\/wp-json\/wp\/v2\/comments?post=402"}],"version-history":[{"count":1,"href":"https:\/\/www.solidarnosc.org.pl\/dok\/wp-json\/wp\/v2\/posts\/402\/revisions"}],"predecessor-version":[{"id":403,"href":"https:\/\/www.solidarnosc.org.pl\/dok\/wp-json\/wp\/v2\/posts\/402\/revisions\/403"}],"wp:attachment":[{"href":"https:\/\/www.solidarnosc.org.pl\/dok\/wp-json\/wp\/v2\/media?parent=402"}],"wp:term":[{"taxonomy":"category","embeddable":true,"href":"https:\/\/www.solidarnosc.org.pl\/dok\/wp-json\/wp\/v2\/categories?post=402"},{"taxonomy":"post_tag","embeddable":true,"href":"https:\/\/www.solidarnosc.org.pl\/dok\/wp-json\/wp\/v2\/tags?post=402"}],"curies":[{"name":"wp","href":"https:\/\/api.w.org\/{rel}","templated":true}]}}