{"id":395,"date":"1991-02-24T11:50:17","date_gmt":"1991-02-24T10:50:17","guid":{"rendered":"http:\/\/www.solidarnosc.org.pl\/dok\/?p=395"},"modified":"2012-09-28T11:53:36","modified_gmt":"2012-09-28T09:53:36","slug":"uchwala-nr-11991-ws-sesji-zjazdowych","status":"publish","type":"post","link":"https:\/\/www.solidarnosc.org.pl\/dok\/1991\/02\/24\/uchwala-nr-11991-ws-sesji-zjazdowych\/","title":{"rendered":"Uchwa\u0142a nr 1\/1991 ws.sesji zjazdowych"},"content":{"rendered":"<p>Delegaci NSZZ \u201eSolidarno\u015b\u0107\u201d zebrani w Gda\u0144sku w dniach 23 i 24 lutego 1991 r. traktuj\u0105 obecny Zjazd Delegat\u00f3w jako sesj\u0119 nadzwyczajn\u0105 i akceptuj\u0105 nazw\u0119 III Krajowy Zjazd Delegat\u00f3w \u2013 przyjmuj\u0105c w ten spos\u00f3b kolejne numerowanie sesji zjazdowych.<\/p>\n","protected":false},"excerpt":{"rendered":"<p>Delegaci NSZZ \u201eSolidarno\u015b\u0107\u201d zebrani w Gda\u0144sku w dniach 23 i 24 lutego 1991 r. traktuj\u0105 obecny Zjazd Delegat\u00f3w jako sesj\u0119 nadzwyczajn\u0105 i akceptuj\u0105 nazw\u0119 III Krajowy Zjazd Delegat\u00f3w \u2013 przyjmuj\u0105c w ten spos\u00f3b kolejne numerowanie sesji zjazdowych.<\/p>\n","protected":false},"author":3,"featured_media":0,"comment_status":"closed","ping_status":"closed","sticky":false,"template":"","format":"standard","meta":{"footnotes":""},"categories":[20,16],"tags":[2727,2726,2636,62,2638],"class_list":["post-395","post","type-post","status-publish","format-standard","hentry","category-3kzd","category-dokkzd","tag-1-1991","tag-2726","tag-kzd","tag-uchwala","tag-uchwala-kzd"],"_links":{"self":[{"href":"https:\/\/www.solidarnosc.org.pl\/dok\/wp-json\/wp\/v2\/posts\/395","targetHints":{"allow":["GET"]}}],"collection":[{"href":"https:\/\/www.solidarnosc.org.pl\/dok\/wp-json\/wp\/v2\/posts"}],"about":[{"href":"https:\/\/www.solidarnosc.org.pl\/dok\/wp-json\/wp\/v2\/types\/post"}],"author":[{"embeddable":true,"href":"https:\/\/www.solidarnosc.org.pl\/dok\/wp-json\/wp\/v2\/users\/3"}],"replies":[{"embeddable":true,"href":"https:\/\/www.solidarnosc.org.pl\/dok\/wp-json\/wp\/v2\/comments?post=395"}],"version-history":[{"count":1,"href":"https:\/\/www.solidarnosc.org.pl\/dok\/wp-json\/wp\/v2\/posts\/395\/revisions"}],"predecessor-version":[{"id":396,"href":"https:\/\/www.solidarnosc.org.pl\/dok\/wp-json\/wp\/v2\/posts\/395\/revisions\/396"}],"wp:attachment":[{"href":"https:\/\/www.solidarnosc.org.pl\/dok\/wp-json\/wp\/v2\/media?parent=395"}],"wp:term":[{"taxonomy":"category","embeddable":true,"href":"https:\/\/www.solidarnosc.org.pl\/dok\/wp-json\/wp\/v2\/categories?post=395"},{"taxonomy":"post_tag","embeddable":true,"href":"https:\/\/www.solidarnosc.org.pl\/dok\/wp-json\/wp\/v2\/tags?post=395"}],"curies":[{"name":"wp","href":"https:\/\/api.w.org\/{rel}","templated":true}]}}