{"id":2986,"date":"2009-10-16T12:02:47","date_gmt":"2009-10-16T10:02:47","guid":{"rendered":"http:\/\/www.solidarnosc.org.pl\/dok\/?p=2986"},"modified":"2012-10-12T12:03:57","modified_gmt":"2012-10-12T10:03:57","slug":"stanowisko-xxiii-kzd-nr-142009-ws-stanowiska-mkzz-przed-konferencja-klimatyczna-cop15-w-kopenhadze","status":"publish","type":"post","link":"https:\/\/www.solidarnosc.org.pl\/dok\/2009\/10\/16\/stanowisko-xxiii-kzd-nr-142009-ws-stanowiska-mkzz-przed-konferencja-klimatyczna-cop15-w-kopenhadze\/","title":{"rendered":"Stanowisko XXIII KZD nr 14\/2009 ws. stanowiska MKZZ przed Konferencj\u0105 Klimatyczn\u0105 COP15 w Kopenhadze"},"content":{"rendered":"<p style=\"text-align: justify;\">Krajowy Zjazd Delegat\u00f3w NSZZ \u201eSolidarno\u015b\u0107\u201d oczekuje podpisania porozumienia pomi\u0119dzy centralami zwi\u0105zkowymi szczebla europejskiego i krajowego w sprawie warunk\u00f3w wdra\u017cania Pakietu Klimatyczno-Energetycznego przed rozpocz\u0119ciem jego realizacji.<\/p>\n<p style=\"text-align: justify;\">W stanowisku MKZZ , w formie dostosowanej do porozumienia globalnego, powinien zosta\u0107 okre\u015blony w szczeg\u00f3lno\u015bci spos\u00f3b rekompensaty utraconych miejsc pracy w miejsce maj\u0105cych powsta\u0107 nowych tzw. \u201ezielonych miejsc pracy\u201d. R\u00f3wnie istotnym jest pozostawienie w dyspozycji przedsi\u0119biorc\u00f3w op\u0142at emisyjnych, kt\u00f3re pozwol\u0105 na tworzenie funduszy inwestycyjnych.<\/p>\n<p style=\"text-align: justify;\">Niezmiernie wa\u017cnym jest usuni\u0119cie ze stanowiska MKZZ bezwzgl\u0119dnego poparcia tez IPCC (Mi\u0119dzyrz\u0105dowy Panel ds. zmian klimatu) budz\u0105cych kontrowersje zawarte m.in. w stanowisku Komitetu Nauk Geologicznych PAN w sprawie zagro\u017cenia globalnym ociepleniem z dnia 12.02.2009, a tak\u017ce postulatu przyspieszenia przej\u015bcia do gospodarki tzw. \u201eniskow\u0119glowej\u201d, polegaj\u0105cej na wyeliminowaniu w\u0119gla jako \u017ar\u00f3d\u0142a energii.<\/p>\n<p style=\"text-align: justify;\">Ponadto dla zachowania obiektywizmu i pe\u0142nej swobody wyra\u017cania opinii na konferencjach zwi\u0105zkowych dot. zmian klimatycznych na r\u00f3wni powinni uczestniczy\u0107 eksperci IPCC oraz naukowcy kwestionuj\u0105cy dominuj\u0105cy wp\u0142yw dzia\u0142alno\u015bci ludzkiej na globalne ocieplenie.<\/p>\n<p style=\"text-align: justify;\">Brak mo\u017cliwo\u015bci wyegzekwowania od pa\u0144stw spoza UE stosowania rozwi\u0105za\u0144 Pakietu doprowadzi do wyst\u0105pienia zjawiska tzw. \u201ewycieku w\u0119gla\u201d (carbon leakage) przez przenoszenie produkcji wysokoemisyjnych wyrob\u00f3w poza granice UE. Dotyczy to producent\u00f3w energii, klinkieru (cementu), wapna, koksu, sur\u00f3wki \u017celaza lub stali surowej, szk\u0142a, wyrob\u00f3w ceramicznych, papieru lub tektury powoduj\u0105c likwidacj\u0119 miejsc pracy w tych ga\u0142\u0119ziach przemys\u0142u.<\/p>\n<p style=\"text-align: justify;\">Tylko spe\u0142nienie wy\u017cej wymienionych postulat\u00f3w pozwoli NSZZ \u201eSolidarno\u015b\u0107\u201d zaakceptowa\u0107 warunki realizacji Pakietu Klimatyczno-Energetycznego.<\/p>\n","protected":false},"excerpt":{"rendered":"<p>Krajowy Zjazd Delegat\u00f3w NSZZ \u201eSolidarno\u015b\u0107\u201d oczekuje podpisania porozumienia pomi\u0119dzy centralami zwi\u0105zkowymi szczebla europejskiego i krajowego w sprawie warunk\u00f3w wdra\u017cania Pakietu Klimatyczno-Energetycznego przed rozpocz\u0119ciem jego realizacji. W stanowisku MKZZ , w formie dostosowanej do porozumienia globalnego, powinien zosta\u0107 okre\u015blony w szczeg\u00f3lno\u015bci spos\u00f3b rekompensaty utraconych miejsc pracy w miejsce maj\u0105cych powsta\u0107 nowych tzw. \u201ezielonych miejsc pracy\u201d. R\u00f3wnie [&hellip;]<\/p>\n","protected":false},"author":3,"featured_media":0,"comment_status":"closed","ping_status":"closed","sticky":false,"template":"","format":"standard","meta":{"footnotes":""},"categories":[41,16],"tags":[115,99,2636,63,2661,3113],"class_list":["post-2986","post","type-post","status-publish","format-standard","hentry","category-23kzd","category-dokkzd","tag-14-2009","tag-99","tag-kzd","tag-stanowisko","tag-stanowisko-kzd","tag-xxiii-kzd"],"_links":{"self":[{"href":"https:\/\/www.solidarnosc.org.pl\/dok\/wp-json\/wp\/v2\/posts\/2986","targetHints":{"allow":["GET"]}}],"collection":[{"href":"https:\/\/www.solidarnosc.org.pl\/dok\/wp-json\/wp\/v2\/posts"}],"about":[{"href":"https:\/\/www.solidarnosc.org.pl\/dok\/wp-json\/wp\/v2\/types\/post"}],"author":[{"embeddable":true,"href":"https:\/\/www.solidarnosc.org.pl\/dok\/wp-json\/wp\/v2\/users\/3"}],"replies":[{"embeddable":true,"href":"https:\/\/www.solidarnosc.org.pl\/dok\/wp-json\/wp\/v2\/comments?post=2986"}],"version-history":[{"count":1,"href":"https:\/\/www.solidarnosc.org.pl\/dok\/wp-json\/wp\/v2\/posts\/2986\/revisions"}],"predecessor-version":[{"id":2988,"href":"https:\/\/www.solidarnosc.org.pl\/dok\/wp-json\/wp\/v2\/posts\/2986\/revisions\/2988"}],"wp:attachment":[{"href":"https:\/\/www.solidarnosc.org.pl\/dok\/wp-json\/wp\/v2\/media?parent=2986"}],"wp:term":[{"taxonomy":"category","embeddable":true,"href":"https:\/\/www.solidarnosc.org.pl\/dok\/wp-json\/wp\/v2\/categories?post=2986"},{"taxonomy":"post_tag","embeddable":true,"href":"https:\/\/www.solidarnosc.org.pl\/dok\/wp-json\/wp\/v2\/tags?post=2986"}],"curies":[{"name":"wp","href":"https:\/\/api.w.org\/{rel}","templated":true}]}}