{"id":2974,"date":"2009-10-16T11:56:49","date_gmt":"2009-10-16T09:56:49","guid":{"rendered":"http:\/\/www.solidarnosc.org.pl\/dok\/?p=2974"},"modified":"2012-10-12T11:58:01","modified_gmt":"2012-10-12T09:58:01","slug":"stanowisko-xxiii-kzd-nr-102009-ws-uslug-medycznych-w-domach-pomocy-spolecznej","status":"publish","type":"post","link":"https:\/\/www.solidarnosc.org.pl\/dok\/2009\/10\/16\/stanowisko-xxiii-kzd-nr-102009-ws-uslug-medycznych-w-domach-pomocy-spolecznej\/","title":{"rendered":"Stanowisko XXIII KZD nr 10\/2009 ws. us\u0142ug medycznych w domach pomocy spo\u0142ecznej"},"content":{"rendered":"<p style=\"text-align: justify;\">Krajowy Zjazd Delegat\u00f3w NSZZ \u201eSolidarno\u015b\u0107\u201d \u201eSolidarno\u015b\u0107\u201d stanowczo domaga si\u0119 od rz\u0105du RP respektowania konstytucyjnych uprawnie\u0144 do r\u00f3wnego traktowania obywateli pod wzgl\u0119dem dost\u0119pno\u015bci do publicznej s\u0142u\u017cby zdrowia.<\/p>\n<p style=\"text-align: justify;\">Obecne rozwi\u0105zania nie gwarantuj\u0105 mieszka\u0144com dom\u00f3w pomocy spo\u0142ecznej niezb\u0119dnej opieki piel\u0119gniarskiej. Praca piel\u0119gniarki i rehabilitanta w tego typu plac\u00f3wkach jest pozbawiona formalnej podstawy prawnej. Kilkuletnie rozmowy w tym zakresie nie przynios\u0142y rozwi\u0105za\u0144. Mieszka\u0144cy dom\u00f3w s\u0105 zmuszani do ponoszenia dodatkowych koszt\u00f3w za nale\u017cne im us\u0142ugi piel\u0119gnacyjne.<\/p>\n<p style=\"text-align: justify;\">Domagamy si\u0119 usankcjonowania zasad udzielania pomocy opieku\u0144czo-piel\u0119gniarskiej i funkcjonowania piel\u0119gniarki w domach pomocy spo\u0142ecznej.<\/p>\n","protected":false},"excerpt":{"rendered":"<p>Krajowy Zjazd Delegat\u00f3w NSZZ \u201eSolidarno\u015b\u0107\u201d \u201eSolidarno\u015b\u0107\u201d stanowczo domaga si\u0119 od rz\u0105du RP respektowania konstytucyjnych uprawnie\u0144 do r\u00f3wnego traktowania obywateli pod wzgl\u0119dem dost\u0119pno\u015bci do publicznej s\u0142u\u017cby zdrowia. Obecne rozwi\u0105zania nie gwarantuj\u0105 mieszka\u0144com dom\u00f3w pomocy spo\u0142ecznej niezb\u0119dnej opieki piel\u0119gniarskiej. Praca piel\u0119gniarki i rehabilitanta w tego typu plac\u00f3wkach jest pozbawiona formalnej podstawy prawnej. Kilkuletnie rozmowy w tym zakresie [&hellip;]<\/p>\n","protected":false},"author":3,"featured_media":0,"comment_status":"closed","ping_status":"closed","sticky":false,"template":"","format":"standard","meta":{"footnotes":""},"categories":[41,16],"tags":[111,99,2636,63,2661,3113],"class_list":["post-2974","post","type-post","status-publish","format-standard","hentry","category-23kzd","category-dokkzd","tag-10-2009","tag-99","tag-kzd","tag-stanowisko","tag-stanowisko-kzd","tag-xxiii-kzd"],"_links":{"self":[{"href":"https:\/\/www.solidarnosc.org.pl\/dok\/wp-json\/wp\/v2\/posts\/2974","targetHints":{"allow":["GET"]}}],"collection":[{"href":"https:\/\/www.solidarnosc.org.pl\/dok\/wp-json\/wp\/v2\/posts"}],"about":[{"href":"https:\/\/www.solidarnosc.org.pl\/dok\/wp-json\/wp\/v2\/types\/post"}],"author":[{"embeddable":true,"href":"https:\/\/www.solidarnosc.org.pl\/dok\/wp-json\/wp\/v2\/users\/3"}],"replies":[{"embeddable":true,"href":"https:\/\/www.solidarnosc.org.pl\/dok\/wp-json\/wp\/v2\/comments?post=2974"}],"version-history":[{"count":1,"href":"https:\/\/www.solidarnosc.org.pl\/dok\/wp-json\/wp\/v2\/posts\/2974\/revisions"}],"predecessor-version":[{"id":2976,"href":"https:\/\/www.solidarnosc.org.pl\/dok\/wp-json\/wp\/v2\/posts\/2974\/revisions\/2976"}],"wp:attachment":[{"href":"https:\/\/www.solidarnosc.org.pl\/dok\/wp-json\/wp\/v2\/media?parent=2974"}],"wp:term":[{"taxonomy":"category","embeddable":true,"href":"https:\/\/www.solidarnosc.org.pl\/dok\/wp-json\/wp\/v2\/categories?post=2974"},{"taxonomy":"post_tag","embeddable":true,"href":"https:\/\/www.solidarnosc.org.pl\/dok\/wp-json\/wp\/v2\/tags?post=2974"}],"curies":[{"name":"wp","href":"https:\/\/api.w.org\/{rel}","templated":true}]}}