{"id":2956,"date":"2009-10-16T11:47:22","date_gmt":"2009-10-16T09:47:22","guid":{"rendered":"http:\/\/www.solidarnosc.org.pl\/dok\/?p=2956"},"modified":"2012-10-12T11:48:34","modified_gmt":"2012-10-12T09:48:34","slug":"stanowisko-xxiii-kzd-nr-42009-ws-prywatyzacji-sektora-stoczniowego","status":"publish","type":"post","link":"https:\/\/www.solidarnosc.org.pl\/dok\/2009\/10\/16\/stanowisko-xxiii-kzd-nr-42009-ws-prywatyzacji-sektora-stoczniowego\/","title":{"rendered":"Stanowisko XXIII KZD nr 4\/2009 ws. prywatyzacji sektora stoczniowego"},"content":{"rendered":"<p style=\"text-align: justify;\">Krajowy Zjazd Delegat\u00f3w NSZZ \u201eSolidarno\u015b\u0107\u201d \u201eSolidarno\u015b\u0107\u201d, w \u015blad za wcze\u015bniejszymi wyst\u0105pieniami Komisji Krajowej NSZZ \u201eSolidarno\u015b\u0107\u201d \u201eSolidarno\u015b\u0107\u201d, domaga si\u0119 powo\u0142ania sejmowej komisji \u015bledczej do wyja\u015bnienia proces\u00f3w prywatyzacyjnych w sektorze stoczniowym w celu okre\u015blenia odpowiedzialno\u015bci poszczeg\u00f3lnych ekip rz\u0105dowych za likwidacj\u0119 tej bran\u017cy w Polsce.<\/p>\n","protected":false},"excerpt":{"rendered":"<p>Krajowy Zjazd Delegat\u00f3w NSZZ \u201eSolidarno\u015b\u0107\u201d \u201eSolidarno\u015b\u0107\u201d, w \u015blad za wcze\u015bniejszymi wyst\u0105pieniami Komisji Krajowej NSZZ \u201eSolidarno\u015b\u0107\u201d \u201eSolidarno\u015b\u0107\u201d, domaga si\u0119 powo\u0142ania sejmowej komisji \u015bledczej do wyja\u015bnienia proces\u00f3w prywatyzacyjnych w sektorze stoczniowym w celu okre\u015blenia odpowiedzialno\u015bci poszczeg\u00f3lnych ekip rz\u0105dowych za likwidacj\u0119 tej bran\u017cy w Polsce.<\/p>\n","protected":false},"author":3,"featured_media":0,"comment_status":"closed","ping_status":"closed","sticky":false,"template":"","format":"standard","meta":{"footnotes":""},"categories":[41,16],"tags":[99,105,2636,63,2661,3113],"class_list":["post-2956","post","type-post","status-publish","format-standard","hentry","category-23kzd","category-dokkzd","tag-99","tag-4-2009","tag-kzd","tag-stanowisko","tag-stanowisko-kzd","tag-xxiii-kzd"],"_links":{"self":[{"href":"https:\/\/www.solidarnosc.org.pl\/dok\/wp-json\/wp\/v2\/posts\/2956","targetHints":{"allow":["GET"]}}],"collection":[{"href":"https:\/\/www.solidarnosc.org.pl\/dok\/wp-json\/wp\/v2\/posts"}],"about":[{"href":"https:\/\/www.solidarnosc.org.pl\/dok\/wp-json\/wp\/v2\/types\/post"}],"author":[{"embeddable":true,"href":"https:\/\/www.solidarnosc.org.pl\/dok\/wp-json\/wp\/v2\/users\/3"}],"replies":[{"embeddable":true,"href":"https:\/\/www.solidarnosc.org.pl\/dok\/wp-json\/wp\/v2\/comments?post=2956"}],"version-history":[{"count":1,"href":"https:\/\/www.solidarnosc.org.pl\/dok\/wp-json\/wp\/v2\/posts\/2956\/revisions"}],"predecessor-version":[{"id":2958,"href":"https:\/\/www.solidarnosc.org.pl\/dok\/wp-json\/wp\/v2\/posts\/2956\/revisions\/2958"}],"wp:attachment":[{"href":"https:\/\/www.solidarnosc.org.pl\/dok\/wp-json\/wp\/v2\/media?parent=2956"}],"wp:term":[{"taxonomy":"category","embeddable":true,"href":"https:\/\/www.solidarnosc.org.pl\/dok\/wp-json\/wp\/v2\/categories?post=2956"},{"taxonomy":"post_tag","embeddable":true,"href":"https:\/\/www.solidarnosc.org.pl\/dok\/wp-json\/wp\/v2\/tags?post=2956"}],"curies":[{"name":"wp","href":"https:\/\/api.w.org\/{rel}","templated":true}]}}