{"id":2890,"date":"2008-10-10T10:58:07","date_gmt":"2008-10-10T08:58:07","guid":{"rendered":"http:\/\/www.solidarnosc.org.pl\/dok\/?p=2890"},"modified":"2012-10-12T10:59:21","modified_gmt":"2012-10-12T08:59:21","slug":"apel-xxii-kzd-nr-22008-ws-zaprzestania-dokonywania-pogromow-chrzescijan-w-indiach","status":"publish","type":"post","link":"https:\/\/www.solidarnosc.org.pl\/dok\/2008\/10\/10\/apel-xxii-kzd-nr-22008-ws-zaprzestania-dokonywania-pogromow-chrzescijan-w-indiach\/","title":{"rendered":"Apel XXII KZD nr 2\/2008 ws. zaprzestania dokonywania pogrom\u00f3w chrze\u015bcijan w Indiach"},"content":{"rendered":"<p style=\"text-align: justify;\">Krajowy Zjazd Delegat\u00f3w NSZZ \u201eSolidarno\u015b\u0107\u201d zwraca si\u0119 do Prezydenta RP i Premiera RP, aby w trybie pilnym zaj\u0119li stanowisko pot\u0119piaj\u0105ce pogromy chrze\u015bcijan w Indiach oraz podj\u0119li odpowiednie dzia\u0142ania wobec w\u0142adz Indii.<\/p>\n","protected":false},"excerpt":{"rendered":"<p>Krajowy Zjazd Delegat\u00f3w NSZZ \u201eSolidarno\u015b\u0107\u201d zwraca si\u0119 do Prezydenta RP i Premiera RP, aby w trybie pilnym zaj\u0119li stanowisko pot\u0119piaj\u0105ce pogromy chrze\u015bcijan w Indiach oraz podj\u0119li odpowiednie dzia\u0142ania wobec w\u0142adz Indii.<\/p>\n","protected":false},"author":3,"featured_media":0,"comment_status":"closed","ping_status":"closed","sticky":false,"template":"","format":"standard","meta":{"footnotes":""},"categories":[40,16],"tags":[3094,3091,64,2832,2636,3092],"class_list":["post-2890","post","type-post","status-publish","format-standard","hentry","category-22kzd","category-dokkzd","tag-2-2008","tag-3091","tag-apel","tag-apel-kzd","tag-kzd","tag-xxii-kzd"],"_links":{"self":[{"href":"https:\/\/www.solidarnosc.org.pl\/dok\/wp-json\/wp\/v2\/posts\/2890","targetHints":{"allow":["GET"]}}],"collection":[{"href":"https:\/\/www.solidarnosc.org.pl\/dok\/wp-json\/wp\/v2\/posts"}],"about":[{"href":"https:\/\/www.solidarnosc.org.pl\/dok\/wp-json\/wp\/v2\/types\/post"}],"author":[{"embeddable":true,"href":"https:\/\/www.solidarnosc.org.pl\/dok\/wp-json\/wp\/v2\/users\/3"}],"replies":[{"embeddable":true,"href":"https:\/\/www.solidarnosc.org.pl\/dok\/wp-json\/wp\/v2\/comments?post=2890"}],"version-history":[{"count":1,"href":"https:\/\/www.solidarnosc.org.pl\/dok\/wp-json\/wp\/v2\/posts\/2890\/revisions"}],"predecessor-version":[{"id":2892,"href":"https:\/\/www.solidarnosc.org.pl\/dok\/wp-json\/wp\/v2\/posts\/2890\/revisions\/2892"}],"wp:attachment":[{"href":"https:\/\/www.solidarnosc.org.pl\/dok\/wp-json\/wp\/v2\/media?parent=2890"}],"wp:term":[{"taxonomy":"category","embeddable":true,"href":"https:\/\/www.solidarnosc.org.pl\/dok\/wp-json\/wp\/v2\/categories?post=2890"},{"taxonomy":"post_tag","embeddable":true,"href":"https:\/\/www.solidarnosc.org.pl\/dok\/wp-json\/wp\/v2\/tags?post=2890"}],"curies":[{"name":"wp","href":"https:\/\/api.w.org\/{rel}","templated":true}]}}