{"id":2887,"date":"2008-10-10T10:56:20","date_gmt":"2008-10-10T08:56:20","guid":{"rendered":"http:\/\/www.solidarnosc.org.pl\/dok\/?p=2887"},"modified":"2012-10-12T10:57:46","modified_gmt":"2012-10-12T08:57:46","slug":"apel-xxii-kzd-nr-12008-do-polakow-o-modlitwe","status":"publish","type":"post","link":"https:\/\/www.solidarnosc.org.pl\/dok\/2008\/10\/10\/apel-xxii-kzd-nr-12008-do-polakow-o-modlitwe\/","title":{"rendered":"Apel XXII KZD nr 1\/2008 do Polak\u00f3w o modlitw\u0119"},"content":{"rendered":"<p style=\"text-align: justify;\">Krajowy Zjazd Delegat\u00f3w NSZZ \u201eSolidarno\u015b\u0107\u201d w roku Ojca \u015awi\u0119tego Jana Paw\u0142a II, ustanowionego uchwa\u0142\u0105 KK, zwraca si\u0119 do jednostek organizacyjnych i cz\u0142onk\u00f3w NSZZ \u201eSolidarno\u015b\u0107\u201d oraz do wszystkich Polak\u00f3w o modlitw\u0119 o rych\u0142e wyniesienie na o\u0142tarze najwi\u0119kszego z Polak\u00f3w \u2013 Papie\u017ca Jana Paw\u0142a II.<\/p>\n<p style=\"text-align: justify;\">W naszych modlitwach pami\u0119tajmy r\u00f3wnie\u017c o Prymasie Tysi\u0105clecia Kardynale Stefanie Wyszy\u0144skim oraz o kapelanie \u201eSolidarno\u015bci\u201d ksi\u0119dzu Jerzym Popie\u0142uszko. Ufamy, \u017ce Oni ju\u017c dzi\u015b or\u0119duj\u0105 za nami w Domu Ojca.<\/p>\n<p style=\"text-align: justify;\">Apelujemy, aby szczeg\u00f3lnie 16 pa\u017adziernika, w dniu 30 rocznicy powo\u0142ania Kardyna\u0142a Karola Wojty\u0142y na Stolic\u0119 Piotrow\u0105 gromadzi\u0107 si\u0119 na wsp\u00f3lnej modlitwie w tych intencjach.<\/p>\n","protected":false},"excerpt":{"rendered":"<p>Krajowy Zjazd Delegat\u00f3w NSZZ \u201eSolidarno\u015b\u0107\u201d w roku Ojca \u015awi\u0119tego Jana Paw\u0142a II, ustanowionego uchwa\u0142\u0105 KK, zwraca si\u0119 do jednostek organizacyjnych i cz\u0142onk\u00f3w NSZZ \u201eSolidarno\u015b\u0107\u201d oraz do wszystkich Polak\u00f3w o modlitw\u0119 o rych\u0142e wyniesienie na o\u0142tarze najwi\u0119kszego z Polak\u00f3w \u2013 Papie\u017ca Jana Paw\u0142a II. W naszych modlitwach pami\u0119tajmy r\u00f3wnie\u017c o Prymasie Tysi\u0105clecia Kardynale Stefanie Wyszy\u0144skim oraz [&hellip;]<\/p>\n","protected":false},"author":3,"featured_media":0,"comment_status":"closed","ping_status":"closed","sticky":false,"template":"","format":"standard","meta":{"footnotes":""},"categories":[40,16],"tags":[3093,3091,64,2832,2636,3092],"class_list":["post-2887","post","type-post","status-publish","format-standard","hentry","category-22kzd","category-dokkzd","tag-1-2008","tag-3091","tag-apel","tag-apel-kzd","tag-kzd","tag-xxii-kzd"],"_links":{"self":[{"href":"https:\/\/www.solidarnosc.org.pl\/dok\/wp-json\/wp\/v2\/posts\/2887","targetHints":{"allow":["GET"]}}],"collection":[{"href":"https:\/\/www.solidarnosc.org.pl\/dok\/wp-json\/wp\/v2\/posts"}],"about":[{"href":"https:\/\/www.solidarnosc.org.pl\/dok\/wp-json\/wp\/v2\/types\/post"}],"author":[{"embeddable":true,"href":"https:\/\/www.solidarnosc.org.pl\/dok\/wp-json\/wp\/v2\/users\/3"}],"replies":[{"embeddable":true,"href":"https:\/\/www.solidarnosc.org.pl\/dok\/wp-json\/wp\/v2\/comments?post=2887"}],"version-history":[{"count":1,"href":"https:\/\/www.solidarnosc.org.pl\/dok\/wp-json\/wp\/v2\/posts\/2887\/revisions"}],"predecessor-version":[{"id":2889,"href":"https:\/\/www.solidarnosc.org.pl\/dok\/wp-json\/wp\/v2\/posts\/2887\/revisions\/2889"}],"wp:attachment":[{"href":"https:\/\/www.solidarnosc.org.pl\/dok\/wp-json\/wp\/v2\/media?parent=2887"}],"wp:term":[{"taxonomy":"category","embeddable":true,"href":"https:\/\/www.solidarnosc.org.pl\/dok\/wp-json\/wp\/v2\/categories?post=2887"},{"taxonomy":"post_tag","embeddable":true,"href":"https:\/\/www.solidarnosc.org.pl\/dok\/wp-json\/wp\/v2\/tags?post=2887"}],"curies":[{"name":"wp","href":"https:\/\/api.w.org\/{rel}","templated":true}]}}