{"id":2881,"date":"2008-10-10T10:53:28","date_gmt":"2008-10-10T08:53:28","guid":{"rendered":"http:\/\/www.solidarnosc.org.pl\/dok\/?p=2881"},"modified":"2012-10-12T10:54:35","modified_gmt":"2012-10-12T08:54:35","slug":"stanowisko-xxii-kzd-nr-162008-ws-ipn-u","status":"publish","type":"post","link":"https:\/\/www.solidarnosc.org.pl\/dok\/2008\/10\/10\/stanowisko-xxii-kzd-nr-162008-ws-ipn-u\/","title":{"rendered":"Stanowisko XXII KZD nr 16\/2008 ws. IPN-u"},"content":{"rendered":"<p style=\"text-align: justify;\">Krajowy Zjazd Delegat\u00f3w NSZZ \u201eSolidarno\u015b\u0107\u201d podkre\u015bla wa\u017cn\u0105 i pozytywn\u0105 rol\u0119, jak\u0105 spe\u0142nia Instytut Pami\u0119ci Narodowej \u2013 Komisja \u015acigania Zbrodni Przeciwko Narodowi Polskiemu w obna\u017caniu z\u0142a i ukazywaniu prawdy o zbrodniczym charakterze totalitarnego systemu.<\/p>\n<p style=\"text-align: justify;\">\u201ePrzywr\u00f3ci\u0107 prawd\u0119 oznacza nazwa\u0107 po imieniu ka\u017cdy akt przemocy\u201d \u2013 jak powiedzia\u0142 Jan Pawe\u0142 II i dalej cytuj\u0105c Jego s\u0142owa \u2013 \u201em\u0142odsze pokolenia nie znaj\u0105 ju\u017c tych wydarze\u0144 z w\u0142asnego do\u015bwiadczenia. Mo\u017cna, zatem pyta\u0107 czy w\u0142a\u015bciwie docenia t\u0119 wolno\u015b\u0107, kt\u00f3r\u0105 posiadaj\u0105, je\u015bli nie b\u0119d\u0105 znali ceny, jaka zosta\u0142a za ni\u0105 zap\u0142acona. \u201eSolidarno\u015b\u0107\u201d nie mo\u017ce zaniedba\u0107 troski o t\u0119 histori\u0119 tak blisk\u0105, a r\u00f3wnocze\u015bnie ju\u017c odleg\u0142\u0105\u201d. Troska o historyczn\u0105 edukacj\u0119 to ustawowa misja IPN-u. Jej realizacja jest bardzo potrzebna Polsce.<\/p>\n","protected":false},"excerpt":{"rendered":"<p>Krajowy Zjazd Delegat\u00f3w NSZZ \u201eSolidarno\u015b\u0107\u201d podkre\u015bla wa\u017cn\u0105 i pozytywn\u0105 rol\u0119, jak\u0105 spe\u0142nia Instytut Pami\u0119ci Narodowej \u2013 Komisja \u015acigania Zbrodni Przeciwko Narodowi Polskiemu w obna\u017caniu z\u0142a i ukazywaniu prawdy o zbrodniczym charakterze totalitarnego systemu. \u201ePrzywr\u00f3ci\u0107 prawd\u0119 oznacza nazwa\u0107 po imieniu ka\u017cdy akt przemocy\u201d \u2013 jak powiedzia\u0142 Jan Pawe\u0142 II i dalej cytuj\u0105c Jego s\u0142owa \u2013 \u201em\u0142odsze [&hellip;]<\/p>\n","protected":false},"author":3,"featured_media":0,"comment_status":"closed","ping_status":"closed","sticky":false,"template":"","format":"standard","meta":{"footnotes":""},"categories":[40,16],"tags":[3111,3091,2636,63,2661,3092],"class_list":["post-2881","post","type-post","status-publish","format-standard","hentry","category-22kzd","category-dokkzd","tag-16-2008","tag-3091","tag-kzd","tag-stanowisko","tag-stanowisko-kzd","tag-xxii-kzd"],"_links":{"self":[{"href":"https:\/\/www.solidarnosc.org.pl\/dok\/wp-json\/wp\/v2\/posts\/2881","targetHints":{"allow":["GET"]}}],"collection":[{"href":"https:\/\/www.solidarnosc.org.pl\/dok\/wp-json\/wp\/v2\/posts"}],"about":[{"href":"https:\/\/www.solidarnosc.org.pl\/dok\/wp-json\/wp\/v2\/types\/post"}],"author":[{"embeddable":true,"href":"https:\/\/www.solidarnosc.org.pl\/dok\/wp-json\/wp\/v2\/users\/3"}],"replies":[{"embeddable":true,"href":"https:\/\/www.solidarnosc.org.pl\/dok\/wp-json\/wp\/v2\/comments?post=2881"}],"version-history":[{"count":1,"href":"https:\/\/www.solidarnosc.org.pl\/dok\/wp-json\/wp\/v2\/posts\/2881\/revisions"}],"predecessor-version":[{"id":2883,"href":"https:\/\/www.solidarnosc.org.pl\/dok\/wp-json\/wp\/v2\/posts\/2881\/revisions\/2883"}],"wp:attachment":[{"href":"https:\/\/www.solidarnosc.org.pl\/dok\/wp-json\/wp\/v2\/media?parent=2881"}],"wp:term":[{"taxonomy":"category","embeddable":true,"href":"https:\/\/www.solidarnosc.org.pl\/dok\/wp-json\/wp\/v2\/categories?post=2881"},{"taxonomy":"post_tag","embeddable":true,"href":"https:\/\/www.solidarnosc.org.pl\/dok\/wp-json\/wp\/v2\/tags?post=2881"}],"curies":[{"name":"wp","href":"https:\/\/api.w.org\/{rel}","templated":true}]}}