{"id":2878,"date":"2008-10-10T10:51:50","date_gmt":"2008-10-10T08:51:50","guid":{"rendered":"http:\/\/www.solidarnosc.org.pl\/dok\/?p=2878"},"modified":"2012-10-12T10:53:08","modified_gmt":"2012-10-12T08:53:08","slug":"stanowisko-xxii-kzd-nr-152008-ws-przedluzenia-ochrony-represjonowanym-dzialaczom-niepodleglosciowym","status":"publish","type":"post","link":"https:\/\/www.solidarnosc.org.pl\/dok\/2008\/10\/10\/stanowisko-xxii-kzd-nr-152008-ws-przedluzenia-ochrony-represjonowanym-dzialaczom-niepodleglosciowym\/","title":{"rendered":"Stanowisko XXII KZD nr 15\/2008 ws. przed\u0142u\u017cenia ochrony represjonowanym dzia\u0142aczom niepodleg\u0142o\u015bciowym"},"content":{"rendered":"<p style=\"text-align: justify;\">Krajowy Zjazd delegat\u00f3w NSZZ \u201eSolidarno\u015b\u0107\u201d zwraca si\u0119 do Sejmu RP o nowelizacj\u0119 ustawy z 23 lutego 1991 r. o uznaniu za niewa\u017cne orzecze\u0144 wydanych wobec os\u00f3b represjonowanych za dzia\u0142alno\u015b\u0107 na rzecz niepodleg\u0142ego bytu pa\u0144stwa polskiego tak, aby:<\/p>\n<p style=\"text-align: justify;\">&#8211;\u00a0\u00a0\u00a0 wyd\u0142u\u017cy\u0107 okres obowi\u0105zywania ustawy bezterminowo;<\/p>\n<p style=\"text-align: justify;\">&#8211;\u00a0\u00a0\u00a0 nie ogranicza\u0107 wysoko\u015bci odszkodowa\u0144;<\/p>\n<p style=\"text-align: justify;\">&#8211;\u00a0\u00a0\u00a0 poszerzy\u0107 kategori\u0119 os\u00f3b represjonowanych;<\/p>\n<p style=\"text-align: justify;\">&#8211; \u00a0wykluczy\u0107 z ustawy tajnych wsp\u00f3\u0142pracownik\u00f3w, funkcjonariuszy komunistycznego aparatu bezpiecze\u0144stwa.<\/p>\n","protected":false},"excerpt":{"rendered":"<p>Krajowy Zjazd delegat\u00f3w NSZZ \u201eSolidarno\u015b\u0107\u201d zwraca si\u0119 do Sejmu RP o nowelizacj\u0119 ustawy z 23 lutego 1991 r. o uznaniu za niewa\u017cne orzecze\u0144 wydanych wobec os\u00f3b represjonowanych za dzia\u0142alno\u015b\u0107 na rzecz niepodleg\u0142ego bytu pa\u0144stwa polskiego tak, aby: &#8211;\u00a0\u00a0\u00a0 wyd\u0142u\u017cy\u0107 okres obowi\u0105zywania ustawy bezterminowo; &#8211;\u00a0\u00a0\u00a0 nie ogranicza\u0107 wysoko\u015bci odszkodowa\u0144; &#8211;\u00a0\u00a0\u00a0 poszerzy\u0107 kategori\u0119 os\u00f3b represjonowanych; &#8211; \u00a0wykluczy\u0107 [&hellip;]<\/p>\n","protected":false},"author":3,"featured_media":0,"comment_status":"closed","ping_status":"closed","sticky":false,"template":"","format":"standard","meta":{"footnotes":""},"categories":[40,16],"tags":[3110,3091,2636,63,2661,3092],"class_list":["post-2878","post","type-post","status-publish","format-standard","hentry","category-22kzd","category-dokkzd","tag-15-2008","tag-3091","tag-kzd","tag-stanowisko","tag-stanowisko-kzd","tag-xxii-kzd"],"_links":{"self":[{"href":"https:\/\/www.solidarnosc.org.pl\/dok\/wp-json\/wp\/v2\/posts\/2878","targetHints":{"allow":["GET"]}}],"collection":[{"href":"https:\/\/www.solidarnosc.org.pl\/dok\/wp-json\/wp\/v2\/posts"}],"about":[{"href":"https:\/\/www.solidarnosc.org.pl\/dok\/wp-json\/wp\/v2\/types\/post"}],"author":[{"embeddable":true,"href":"https:\/\/www.solidarnosc.org.pl\/dok\/wp-json\/wp\/v2\/users\/3"}],"replies":[{"embeddable":true,"href":"https:\/\/www.solidarnosc.org.pl\/dok\/wp-json\/wp\/v2\/comments?post=2878"}],"version-history":[{"count":1,"href":"https:\/\/www.solidarnosc.org.pl\/dok\/wp-json\/wp\/v2\/posts\/2878\/revisions"}],"predecessor-version":[{"id":2880,"href":"https:\/\/www.solidarnosc.org.pl\/dok\/wp-json\/wp\/v2\/posts\/2878\/revisions\/2880"}],"wp:attachment":[{"href":"https:\/\/www.solidarnosc.org.pl\/dok\/wp-json\/wp\/v2\/media?parent=2878"}],"wp:term":[{"taxonomy":"category","embeddable":true,"href":"https:\/\/www.solidarnosc.org.pl\/dok\/wp-json\/wp\/v2\/categories?post=2878"},{"taxonomy":"post_tag","embeddable":true,"href":"https:\/\/www.solidarnosc.org.pl\/dok\/wp-json\/wp\/v2\/tags?post=2878"}],"curies":[{"name":"wp","href":"https:\/\/api.w.org\/{rel}","templated":true}]}}