{"id":2875,"date":"2008-10-10T10:49:59","date_gmt":"2008-10-10T08:49:59","guid":{"rendered":"http:\/\/www.solidarnosc.org.pl\/dok\/?p=2875"},"modified":"2012-10-12T10:51:33","modified_gmt":"2012-10-12T08:51:33","slug":"stanowisko-xxii-kzd-nr-142008-ws-radomskiego-czerwca-76","status":"publish","type":"post","link":"https:\/\/www.solidarnosc.org.pl\/dok\/2008\/10\/10\/stanowisko-xxii-kzd-nr-142008-ws-radomskiego-czerwca-76\/","title":{"rendered":"Stanowisko XXII KZD nr 14\/2008 ws. Radomskiego Czerwca \u201876"},"content":{"rendered":"<p style=\"text-align: justify;\">Krajowy Zjazd Delegat\u00f3w NSZZ \u201eSolidarno\u015b\u0107\u201d sk\u0142ada ho\u0142d bohaterom Radomskiego Czerwca\u2019 76 oraz bohaterom protest\u00f3w 1976 r. z Ursusa i P\u0142ocka.<\/p>\n<p style=\"text-align: justify;\">25 czerwca 1976 roku kilkadziesi\u0105t tysi\u0119cy radomskich robotnik\u00f3w wysz\u0142o na ulice, by powiedzie\u0107 \u201enie\u201d komunistycznemu re\u017cimowi. Poparli ich robotnicy z Ursusa i P\u0142ocka.<\/p>\n<p style=\"text-align: justify;\">Radom, Ursus i P\u0142ock by\u0142y przystankami na drodze Polski do odzyskania suwerenno\u015bci i niepodleg\u0142o\u015bci. By\u0142 Pozna\u0144 1956, by\u0142o Wybrze\u017ce 1970, a potem rok 1980 i \u201eSolidarno\u015b\u0107\u201d.<\/p>\n<p style=\"text-align: justify;\">Bohaterom Radomskiego Czerwca\u201976 oraz bohaterom protestu z Ursusa i P\u0142ocka dzi\u0119kujemy za ich odwag\u0119 i za walk\u0119 przeciw komunistycznej w\u0142adzy.<\/p>\n<p style=\"text-align: justify;\">Dzi\u0119kujemy te\u017c tym, kt\u00f3rzy w 1976 roku, mimo presji komunistycznej nie wahali si\u0119 pomaga\u0107 prze\u015bladowanym robotnikom Radomia, Ursusa i P\u0142ocka, ich rodzinom, wspierali materialnie i duchowo, bronili ich przed zak\u0142amanym komunistycznym wymiarem sprawiedliwo\u015bci oraz dyspozycyjnymi s\u0105dami i kolegiami. Wyra\u017camy uznanie parlamentarzystom RP, kt\u00f3rzy poparli w g\u0142osowaniu nowelizacj\u0119 ustawy \u201eo uznaniu za niewa\u017cne orzecze\u0144 wydanych wobec os\u00f3b represjonowanych za dzia\u0142alno\u015b\u0107 na rzecz niepodleg\u0142o\u015bci bytu Pa\u0144stwa Polskiego\u201d, dzi\u0119ki czemu obj\u0119\u0142a ona swoim dzia\u0142aniem osoby represjonowane w stanie wojennym oraz uczestnik\u00f3w protestu 1976 roku, przywracaj\u0105c im godno\u015b\u0107, honor i nale\u017cne miejsce w historii Naszej Ojczyzny.<\/p>\n","protected":false},"excerpt":{"rendered":"<p>Krajowy Zjazd Delegat\u00f3w NSZZ \u201eSolidarno\u015b\u0107\u201d sk\u0142ada ho\u0142d bohaterom Radomskiego Czerwca\u2019 76 oraz bohaterom protest\u00f3w 1976 r. z Ursusa i P\u0142ocka. 25 czerwca 1976 roku kilkadziesi\u0105t tysi\u0119cy radomskich robotnik\u00f3w wysz\u0142o na ulice, by powiedzie\u0107 \u201enie\u201d komunistycznemu re\u017cimowi. Poparli ich robotnicy z Ursusa i P\u0142ocka. Radom, Ursus i P\u0142ock by\u0142y przystankami na drodze Polski do odzyskania suwerenno\u015bci [&hellip;]<\/p>\n","protected":false},"author":3,"featured_media":0,"comment_status":"closed","ping_status":"closed","sticky":false,"template":"","format":"standard","meta":{"footnotes":""},"categories":[40,16],"tags":[3109,3091,2636,63,2661,3092],"class_list":["post-2875","post","type-post","status-publish","format-standard","hentry","category-22kzd","category-dokkzd","tag-14-2008","tag-3091","tag-kzd","tag-stanowisko","tag-stanowisko-kzd","tag-xxii-kzd"],"_links":{"self":[{"href":"https:\/\/www.solidarnosc.org.pl\/dok\/wp-json\/wp\/v2\/posts\/2875","targetHints":{"allow":["GET"]}}],"collection":[{"href":"https:\/\/www.solidarnosc.org.pl\/dok\/wp-json\/wp\/v2\/posts"}],"about":[{"href":"https:\/\/www.solidarnosc.org.pl\/dok\/wp-json\/wp\/v2\/types\/post"}],"author":[{"embeddable":true,"href":"https:\/\/www.solidarnosc.org.pl\/dok\/wp-json\/wp\/v2\/users\/3"}],"replies":[{"embeddable":true,"href":"https:\/\/www.solidarnosc.org.pl\/dok\/wp-json\/wp\/v2\/comments?post=2875"}],"version-history":[{"count":1,"href":"https:\/\/www.solidarnosc.org.pl\/dok\/wp-json\/wp\/v2\/posts\/2875\/revisions"}],"predecessor-version":[{"id":2877,"href":"https:\/\/www.solidarnosc.org.pl\/dok\/wp-json\/wp\/v2\/posts\/2875\/revisions\/2877"}],"wp:attachment":[{"href":"https:\/\/www.solidarnosc.org.pl\/dok\/wp-json\/wp\/v2\/media?parent=2875"}],"wp:term":[{"taxonomy":"category","embeddable":true,"href":"https:\/\/www.solidarnosc.org.pl\/dok\/wp-json\/wp\/v2\/categories?post=2875"},{"taxonomy":"post_tag","embeddable":true,"href":"https:\/\/www.solidarnosc.org.pl\/dok\/wp-json\/wp\/v2\/tags?post=2875"}],"curies":[{"name":"wp","href":"https:\/\/api.w.org\/{rel}","templated":true}]}}