{"id":2845,"date":"2008-10-10T10:31:46","date_gmt":"2008-10-10T08:31:46","guid":{"rendered":"http:\/\/www.solidarnosc.org.pl\/dok\/?p=2845"},"modified":"2012-10-12T10:33:35","modified_gmt":"2012-10-12T08:33:35","slug":"stanowisko-xxii-kzd-nr-42008-ws-rzadowego-projektu-ustawy-o-emeryturach-pomostowych","status":"publish","type":"post","link":"https:\/\/www.solidarnosc.org.pl\/dok\/2008\/10\/10\/stanowisko-xxii-kzd-nr-42008-ws-rzadowego-projektu-ustawy-o-emeryturach-pomostowych\/","title":{"rendered":"Stanowisko XXII KZD nr 4\/2008 ws. rz\u0105dowego projektu ustawy o emeryturach pomostowych"},"content":{"rendered":"<p style=\"text-align: justify;\">Krajowy Zjazd Delegat\u00f3w NSZZ \u201eSolidarno\u015b\u0107\u201d wyra\u017ca sprzeciw wobec skierowania przez rz\u0105d do Sejmu nieuzgodnionego z partnerami spo\u0142ecznymi projektu ustawy o emeryturach pomostowych. Takie dzia\u0142anie jednostronnie \u0142amie ustalenia zawarte 9 grudnia 1998 roku pomi\u0119dzy rz\u0105dem RP a NSZZ \u201eSolidarno\u015b\u0107\u201d, w kt\u00f3rych to w 6 punkcie strony zapisa\u0142y \u201eZapisy ustawy o emeryturach pomostowych zostan\u0105 opracowane w drodze negocjacji\u201d.<\/p>\n<p style=\"text-align: justify;\">Przedstawiony Sejmowi projekt ustawy, niestety nie wyeliminowa\u0142 wad poprzednich projekt\u00f3w, a dotycz\u0105cych w szczeg\u00f3lno\u015bci:<\/p>\n<p style=\"text-align: justify;\">&#8211;\u00a0\u00a0\u00a0\u00a0\u00a0\u00a0 drastycznego ograniczenia (w stosunku do pierwotnych za\u0142o\u017ce\u0144 zawartych w art. 24 ust. 2 ustawy o emeryturach i rentach z FUS) zakresu podmiotowego prawa do emerytury pomostowej;<\/p>\n<p style=\"text-align: justify;\">&#8211;\u00a0\u00a0\u00a0\u00a0\u00a0\u00a0 przyj\u0119tej w ustawie zasady wygaszania prawa do emerytury pomostowej, co stoi w ra\u017c\u0105cej sprzeczno\u015bci z zasad\u0105, \u017ce to kryteria medyczne (ocena czynnik\u00f3w ryzyka wcze\u015bniejszej utraty zdolno\u015bci do pracy) oraz kryterium bezpiecze\u0144stwa publicznego s\u0105 podstawowymi kryteriami kwalifikowania prac jako wykonywanych w szczeg\u00f3lnych warunkach lub o szczeg\u00f3lnym charakterze;<\/p>\n<p style=\"text-align: justify;\">&#8211;\u00a0\u00a0\u00a0\u00a0\u00a0\u00a0 nie uwzgl\u0119dnienia wszystkich czynnik\u00f3w ryzyka, kt\u00f3re z wiekiem mog\u0105 z du\u017cym prawdopodobie\u0144stwem spowodowa\u0107 trwa\u0142e uszkodzenie zdrowia, os\u00f3b wykonuj\u0105cych prac\u0119 w szczeg\u00f3lnych warunkach oraz metody obiektywnej kwalifikacji rodzaj\u00f3w prac uprawniaj\u0105cej do emerytur pomostowych;<\/p>\n<p style=\"text-align: justify;\">&#8211;\u00a0\u00a0\u00a0\u00a0\u00a0\u00a0 nie uwzgl\u0119dnienia propozycji definicji prac o szczeg\u00f3lnym charakterze, przedstawionej przez zesp\u00f3\u0142 negocjacyjny;<\/p>\n<p style=\"text-align: justify;\">&#8211;\u00a0\u00a0\u00a0\u00a0\u00a0\u00a0 \u00a0metodologii ustalania wysoko\u015bci emerytury pomostowej, w wyniku kt\u00f3rej, \u015bwiadczenia dla os\u00f3b decyduj\u0105cych si\u0119 zaprzesta\u0107 pracy w szczeg\u00f3lnych warunkach lub o szczeg\u00f3lnym charakterze, przed osi\u0105gni\u0119ciem powszechnego wieku emerytalnego, b\u0119d\u0105 bardzo niskie i tym samym stan\u0105 si\u0119 pustym uprawnieniem.<\/p>\n<p style=\"text-align: justify;\">KZD zwraca si\u0119 do pos\u0142\u00f3w RP o odrzucenie rz\u0105dowego projektu ustawy o emeryturach pomostowych w pierwszym czytaniu.<\/p>\n<p style=\"text-align: justify;\">Zgodnie z ustaleniami zespo\u0142u ubezpiecze\u0144 spo\u0142ecznych Tr\u00f3jstronnej Komisji ds. Spo\u0142eczno \u2013 Gospodarczych z dnia 23 maja 2005 roku domagamy si\u0119 od rz\u0105du RP przyst\u0105pienia do rzeczywistych negocjacji nad systemowymi rozwi\u0105zaniami emerytalnymi dla os\u00f3b wykonuj\u0105cych prac\u0119 w szczeg\u00f3lnych warunkach lub o szczeg\u00f3lnym charakterze, obejmuj\u0105cych:<\/p>\n<p style=\"text-align: justify;\">&#8211;\u00a0\u00a0\u00a0\u00a0\u00a0\u00a0\u00a0 filozofi\u0119 systemu emerytur dla w\/w;<\/p>\n<p style=\"text-align: justify;\">&#8211;\u00a0\u00a0\u00a0\u00a0\u00a0\u00a0\u00a0 zasady kwalifikowania rodzaj\u00f3w prac;<\/p>\n<p style=\"text-align: justify;\">&#8211;\u00a0\u00a0\u00a0\u00a0\u00a0\u00a0\u00a0 zasady nabywania uprawnie\u0144 oraz ustalania wysoko\u015bci \u015bwiadcze\u0144;<\/p>\n<p style=\"text-align: justify;\">&#8211;\u00a0\u00a0\u00a0\u00a0\u00a0\u00a0\u00a0 mechanizm finansowania systemu.<\/p>\n<p style=\"text-align: justify;\">Do czasu uzgodnienia, akceptowanych spo\u0142ecznie zasad wcze\u015bniejszego przechodzenia na emerytur\u0119 os\u00f3b zatrudnionych w szczeg\u00f3lnych warunkach lub o szczeg\u00f3lnym charakterze, nale\u017cy zachowa\u0107 dotychczasowe rozwi\u0105zania prawne.<\/p>\n<p style=\"text-align: justify;\">Jednocze\u015bnie KZD zwraca si\u0119 do Pana Prezydenta Rzeczypospolitej Polskiej Lecha Kaczy\u0144skiego o ewentualne zawetowanie ustawy o emeryturach pomostowych, gdyby Sejm RP przyj\u0105\u0142 j\u0105 w tak niekorzystnym kszta\u0142cie.<\/p>\n<p style=\"text-align: justify;\">Zwracamy si\u0119 do wszystkich, dzi\u015b zatrudnionych w szczeg\u00f3lnych warunkach i wykonuj\u0105cych prac\u0119 o szczeg\u00f3lnym charakterze oraz do wszystkich cz\u0142onk\u00f3w zwi\u0105zku o czynny udzia\u0142 w organizowanej przez NSZZ \u201eSolidarno\u015b\u0107\u201d akcji przeciwstawienia si\u0119 pozbawiania nale\u017cnych uprawnie\u0144 os\u00f3b wykonuj\u0105cych swoj\u0105 ci\u0119\u017ck\u0105 prac\u0119 w szczeg\u00f3lnych warunkach lub o szczeg\u00f3lnym charakterze. Zobowi\u0105zujemy wszystkie struktury naszego zwi\u0105zku do czynnego udzia\u0142u w prowadzonych przez zwi\u0105zek akcjach protestacyjnych, a Komisj\u0119 Krajow\u0105<\/p>\n<p style=\"text-align: justify;\">do opracowania harmonogramu dzia\u0142a\u0144, maj\u0105cych na celu niedopuszczenie do wprowadzenia w \u017cycie tak szkodliwych rozwi\u0105za\u0144 i wymuszenia na rz\u0105dzie RP przyst\u0105pienia do rzeczowych negocjacji prowadzonych w dobrej wierze.<\/p>\n","protected":false},"excerpt":{"rendered":"<p>Krajowy Zjazd Delegat\u00f3w NSZZ \u201eSolidarno\u015b\u0107\u201d wyra\u017ca sprzeciw wobec skierowania przez rz\u0105d do Sejmu nieuzgodnionego z partnerami spo\u0142ecznymi projektu ustawy o emeryturach pomostowych. Takie dzia\u0142anie jednostronnie \u0142amie ustalenia zawarte 9 grudnia 1998 roku pomi\u0119dzy rz\u0105dem RP a NSZZ \u201eSolidarno\u015b\u0107\u201d, w kt\u00f3rych to w 6 punkcie strony zapisa\u0142y \u201eZapisy ustawy o emeryturach pomostowych zostan\u0105 opracowane w drodze [&hellip;]<\/p>\n","protected":false},"author":3,"featured_media":0,"comment_status":"closed","ping_status":"closed","sticky":false,"template":"","format":"standard","meta":{"footnotes":""},"categories":[40,16],"tags":[3091,3096,2636,63,2661,3092],"class_list":["post-2845","post","type-post","status-publish","format-standard","hentry","category-22kzd","category-dokkzd","tag-3091","tag-4-2008","tag-kzd","tag-stanowisko","tag-stanowisko-kzd","tag-xxii-kzd"],"_links":{"self":[{"href":"https:\/\/www.solidarnosc.org.pl\/dok\/wp-json\/wp\/v2\/posts\/2845","targetHints":{"allow":["GET"]}}],"collection":[{"href":"https:\/\/www.solidarnosc.org.pl\/dok\/wp-json\/wp\/v2\/posts"}],"about":[{"href":"https:\/\/www.solidarnosc.org.pl\/dok\/wp-json\/wp\/v2\/types\/post"}],"author":[{"embeddable":true,"href":"https:\/\/www.solidarnosc.org.pl\/dok\/wp-json\/wp\/v2\/users\/3"}],"replies":[{"embeddable":true,"href":"https:\/\/www.solidarnosc.org.pl\/dok\/wp-json\/wp\/v2\/comments?post=2845"}],"version-history":[{"count":1,"href":"https:\/\/www.solidarnosc.org.pl\/dok\/wp-json\/wp\/v2\/posts\/2845\/revisions"}],"predecessor-version":[{"id":2847,"href":"https:\/\/www.solidarnosc.org.pl\/dok\/wp-json\/wp\/v2\/posts\/2845\/revisions\/2847"}],"wp:attachment":[{"href":"https:\/\/www.solidarnosc.org.pl\/dok\/wp-json\/wp\/v2\/media?parent=2845"}],"wp:term":[{"taxonomy":"category","embeddable":true,"href":"https:\/\/www.solidarnosc.org.pl\/dok\/wp-json\/wp\/v2\/categories?post=2845"},{"taxonomy":"post_tag","embeddable":true,"href":"https:\/\/www.solidarnosc.org.pl\/dok\/wp-json\/wp\/v2\/tags?post=2845"}],"curies":[{"name":"wp","href":"https:\/\/api.w.org\/{rel}","templated":true}]}}