{"id":2839,"date":"2008-10-10T10:27:29","date_gmt":"2008-10-10T08:27:29","guid":{"rendered":"http:\/\/www.solidarnosc.org.pl\/dok\/?p=2839"},"modified":"2012-10-12T10:29:24","modified_gmt":"2012-10-12T08:29:24","slug":"stanowisko-xxii-kzd-nr-22008-ws-sytuacji-w-ochronie-zdrowia","status":"publish","type":"post","link":"https:\/\/www.solidarnosc.org.pl\/dok\/2008\/10\/10\/stanowisko-xxii-kzd-nr-22008-ws-sytuacji-w-ochronie-zdrowia\/","title":{"rendered":"Stanowisko XXII KZD nr 2\/2008 ws. sytuacji w ochronie zdrowia"},"content":{"rendered":"<p style=\"text-align: justify;\">Krajowy Zjazd Delegat\u00f3w NSZZ \u201eSolidarno\u015b\u0107\u201d stanowczo domaga si\u0119 od Rz\u0105du RP poszanowania konstytucyjnych praw obywateli do ochrony zdrowia, a w spos\u00f3b szczeg\u00f3lny zapewnienia r\u00f3wnego dost\u0119pu do \u015bwiadcze\u0144 opieki zdrowotnej finansowanych ze \u015brodk\u00f3w publicznych.<\/p>\n<p style=\"text-align: justify;\">Realizacja tego prawa, a nie cele komercyjne \u2013 to obowi\u0105zek w\u0142adzy publicznej.<\/p>\n<p style=\"text-align: justify;\">Obligatoryjne przekszta\u0142cenie plac\u00f3wek s\u0142u\u017cby zdrowia przez samorz\u0105dy w sp\u00f3\u0142ki prawa handlowego stanowi wygodny pretekst dla rz\u0105du do odsuni\u0119cia bezpo\u015bredniej odpowiedzialno\u015bci za kondycj\u0119 ekonomiczn\u0105 s\u0142u\u017cby zdrowia w Polsce i umo\u017cliwia pocz\u0105tek prywatyzacji us\u0142ug szpitalnych na masowa skal\u0119.<\/p>\n<p style=\"text-align: justify;\">\u00a0Doprowadzi\u0107 to mo\u017ce do niekontrolowanych likwidacji wielu \u201enierentownych\u201d plac\u00f3wek.<\/p>\n<p style=\"text-align: justify;\">KZD stanowczo sprzeciwia si\u0119 pr\u00f3bom dalszego przerzucania koszt\u00f3w leczenia na pacjent\u00f3w. Uwa\u017camy, \u017ce bez podniesienia wysoko\u015bci sk\u0142adki na ubezpieczenie zdrowotne i wprowadzenia jednolitego dla ca\u0142ego kraju elektronicznego systemu rejestracji us\u0142ug medycznych nie da si\u0119 zbudowa\u0107 nowoczesnego systemu us\u0142ug medycznych dost\u0119pnych dla wszystkich, a nie dla wybranych.<\/p>\n<p style=\"text-align: justify;\">Domagamy si\u0119 zaprzestania lekcewa\u017cenia \u015brodowiska medycznego. Za szczeg\u00f3lnie oburzaj\u0105ce uwa\u017camy dzielenie tego \u015brodowiska na grupy zawodowe i konfliktowanie ich ze sob\u0105 na tle p\u0142acowym. Sprawy pracownicze, warunki zatrudnienia i wynagradzania powinny by\u0107 uregulowane systemowo. Tymczasem dzi\u015b odbiera si\u0119 \u015brodowisku medycznemu dodatek sta\u017cowy, prawo do odpraw emerytalnych i nagr\u00f3d jubileuszowych oraz prawo do skr\u00f3conego czasu pracy.<\/p>\n<p style=\"text-align: justify;\">W zamian proponuje si\u0119 pracownikom przej\u015bcie na coraz powszechniejsze w s\u0142u\u017cbie zdrowia samozatrudnienie.<\/p>\n<p style=\"text-align: justify;\">KZD stanowczo sprzeciwia si\u0119 \u0142amaniu praw pracowniczych w s\u0142u\u017cbie zdrowia.<\/p>\n<p style=\"text-align: justify;\">Wzywamy Rz\u0105d RP do odst\u0105pienia od szkodliwych dzia\u0142a\u0144 zagra\u017caj\u0105cych bezpiecze\u0144stwu zdrowotnemu obywateli.<\/p>\n","protected":false},"excerpt":{"rendered":"<p>Krajowy Zjazd Delegat\u00f3w NSZZ \u201eSolidarno\u015b\u0107\u201d stanowczo domaga si\u0119 od Rz\u0105du RP poszanowania konstytucyjnych praw obywateli do ochrony zdrowia, a w spos\u00f3b szczeg\u00f3lny zapewnienia r\u00f3wnego dost\u0119pu do \u015bwiadcze\u0144 opieki zdrowotnej finansowanych ze \u015brodk\u00f3w publicznych. Realizacja tego prawa, a nie cele komercyjne \u2013 to obowi\u0105zek w\u0142adzy publicznej. Obligatoryjne przekszta\u0142cenie plac\u00f3wek s\u0142u\u017cby zdrowia przez samorz\u0105dy w sp\u00f3\u0142ki prawa [&hellip;]<\/p>\n","protected":false},"author":3,"featured_media":0,"comment_status":"closed","ping_status":"closed","sticky":false,"template":"","format":"standard","meta":{"footnotes":""},"categories":[40,16],"tags":[3094,3091,2636,63,2661,3092],"class_list":["post-2839","post","type-post","status-publish","format-standard","hentry","category-22kzd","category-dokkzd","tag-2-2008","tag-3091","tag-kzd","tag-stanowisko","tag-stanowisko-kzd","tag-xxii-kzd"],"_links":{"self":[{"href":"https:\/\/www.solidarnosc.org.pl\/dok\/wp-json\/wp\/v2\/posts\/2839","targetHints":{"allow":["GET"]}}],"collection":[{"href":"https:\/\/www.solidarnosc.org.pl\/dok\/wp-json\/wp\/v2\/posts"}],"about":[{"href":"https:\/\/www.solidarnosc.org.pl\/dok\/wp-json\/wp\/v2\/types\/post"}],"author":[{"embeddable":true,"href":"https:\/\/www.solidarnosc.org.pl\/dok\/wp-json\/wp\/v2\/users\/3"}],"replies":[{"embeddable":true,"href":"https:\/\/www.solidarnosc.org.pl\/dok\/wp-json\/wp\/v2\/comments?post=2839"}],"version-history":[{"count":1,"href":"https:\/\/www.solidarnosc.org.pl\/dok\/wp-json\/wp\/v2\/posts\/2839\/revisions"}],"predecessor-version":[{"id":2841,"href":"https:\/\/www.solidarnosc.org.pl\/dok\/wp-json\/wp\/v2\/posts\/2839\/revisions\/2841"}],"wp:attachment":[{"href":"https:\/\/www.solidarnosc.org.pl\/dok\/wp-json\/wp\/v2\/media?parent=2839"}],"wp:term":[{"taxonomy":"category","embeddable":true,"href":"https:\/\/www.solidarnosc.org.pl\/dok\/wp-json\/wp\/v2\/categories?post=2839"},{"taxonomy":"post_tag","embeddable":true,"href":"https:\/\/www.solidarnosc.org.pl\/dok\/wp-json\/wp\/v2\/tags?post=2839"}],"curies":[{"name":"wp","href":"https:\/\/api.w.org\/{rel}","templated":true}]}}