{"id":2790,"date":"2008-10-09T09:49:37","date_gmt":"2008-10-09T07:49:37","guid":{"rendered":"http:\/\/www.solidarnosc.org.pl\/dok\/?p=2790"},"modified":"2012-10-12T09:55:41","modified_gmt":"2012-10-12T07:55:41","slug":"list-xxii-kzd-do-ojca-sw-benedykta-xvi","status":"publish","type":"post","link":"https:\/\/www.solidarnosc.org.pl\/dok\/2008\/10\/09\/list-xxii-kzd-do-ojca-sw-benedykta-xvi\/","title":{"rendered":"List XXII KZD do Ojca \u015aw. Benedykta XVI"},"content":{"rendered":"<p style=\"text-align: justify;\"><strong>Umi\u0142owany Ojcze \u015awi\u0119ty,<\/strong><\/p>\n<p style=\"text-align: justify;\">Delegaci zgromadzeni na obradach XXII Krajowego Zjazdu NSZZ &#8222;Solidarno\u015b\u0107&#8221; , obraduj\u0105cego w Wadowicach \u2013 mie\u015bcie narodzin Ojca \u015awi\u0119tego Jana Paw\u0142a II, przesy\u0142aj\u0105 Waszej \u015awi\u0105tobliwo\u015bci z serca p\u0142yn\u0105ce pozdrowienia i \u017cyczenia wielu \u0141ask Bo\u017cych, zapewniaj\u0105c jednocze\u015bnie o naszej modlitwie.<\/p>\n<p style=\"text-align: justify;\">Pragniemy poinformowa\u0107 Wasz\u0105 \u015awi\u0105tobliwo\u015b\u0107, \u017ce w zwi\u0105zku z 30-t\u0105 rocznic\u0105 powo\u0142ania Kardyna\u0142a Karola Wojty\u0142y na Stolic\u0119 Piotrow\u0105, Komisja Krajowa NSZZ \u201eSolidarno\u015b\u0107\u201d postanowi\u0142a og\u0142osi\u0107 rok 2008 \u2013 Rokiem Ojca \u015awi\u0119tego Jana Paw\u0142a II. Starali\u015bmy si\u0119 i nadal staramy, aby ten czas by\u0142 dla nas okresem ponownego rozwa\u017cenia s\u0142\u00f3w, kt\u00f3re do nas wielokrotnie kierowa\u0142 nasz Wielki Rodak. Czujemy si\u0119 zobowi\u0105zani do realizacji \u201etestamentu\u201d, za kt\u00f3ry uwa\u017camy ca\u0142e Jego nauczanie.<\/p>\n<p style=\"text-align: justify;\">Wa\u017cnym punktem tego programu s\u0105 obrady Krajowego Zjazdu NSZZ \u201eSolidarno\u015b\u0107\u201d w miejscu o kt\u00f3rym, jak m\u00f3wi\u0142 Poprzednik Waszej \u015awi\u0105tobliwo\u015bci, \u201ewszystko si\u0119 zacz\u0119\u0142o\u201d. Tu te\u017c chcemy okaza\u0107 wdzi\u0119czno\u015b\u0107 Stw\u00f3rcy za to, \u017ce po wielkim darze, jakim by\u0142 Jan Pawe\u0142 II, da\u0142 nam papie\u017ca, kt\u00f3ry prowadzi nas \u015bcie\u017ckami mi\u0142o\u015bci wprost do Dobrego Pasterza \u2013 Jezusa Chrystusa.<\/p>\n<p style=\"text-align: justify;\"><strong>Czcigodny Ojcze \u015awi\u0119ty,<\/strong><\/p>\n<p style=\"text-align: justify;\">Ponownie dzi\u0119kujemy Ci za Twoje s\u0142owa wo\u0142aj\u0105ce o sprawiedliwo\u015b\u0107 i mi\u0142o\u015b\u0107 w \u017cyciu spo\u0142ecznym, w kt\u00f3rych zwracasz uwag\u0119 na problemy cz\u0142owieka we wsp\u00f3\u0142czesnym \u015bwiecie. Deklarujemy Ci, \u017ce wszelkie nasze dzia\u0142ania, staramy si\u0119 podejmowa\u0107 w oparciu o spo\u0142eczn\u0105 nauk\u0119 Ko\u015bcio\u0142a \u015awi\u0119tego oraz zgodnie z dewiz\u0105 naszych ojc\u00f3w \u2013 B\u00f3g, Honor i Ojczyzna.<\/p>\n<p style=\"text-align: justify;\"><strong>Drogi Ojcze \u015awi\u0119ty,<\/strong><\/p>\n<p style=\"text-align: justify;\">Mamy jeszcze \u015bwie\u017co w pami\u0119ci pielgrzymk\u0119 Waszej \u015awi\u0105tobliwo\u015bci do Polski w maju 2006 roku, a ju\u017c cieszymy si\u0119 z bliskiego\u00a0 spotkania z Tob\u0105 w czasie Audiencji Generalnej w dniu 15 pa\u017adziernika 2008 roku. Udajemy si\u0119 do Stolicy Piotrowej aby modli\u0107 si\u0119 z Tob\u0105. Chcemy te\u017c by\u0107 blisko Ojca \u015awi\u0119tego Jana Paw\u0142a II, w 30 rocznic\u0119 rozpocz\u0119cia przez Kardyna\u0142a Karola Wojty\u0142\u0119 tak owocnego pontyfikatu, kt\u00f3ry z pomoc\u0105 Ducha \u015awi\u0119tego odmieni\u0142 nie tylko Polsk\u0105\u00a0 Ziemi\u0119.\u00a0 Wraz z modlitw\u0105 o rych\u0142\u0105 beatyfikacj\u0119 Najwi\u0119kszego z Polak\u00f3w, pragniemy wyprasza\u0107 za Jego po\u015brednictwem, potrzebne naszej Ojczy\u017anie i naszemu Zwi\u0105zkowi \u0142aski, aby\u015bmy nie ustali w budowaniu dobra wsp\u00f3lnego.<\/p>\n<p style=\"text-align: justify;\">\u00a0Prosimy Wasz\u0105 \u015awi\u0105tobliwo\u015b\u0107 o modlitw\u0119 za tych, kt\u00f3rzy pozbawieni s\u0105 pracy, poddani szerz\u0105cemu si\u0119 wyzyskowi i niesprawiedliwo\u015bci.<\/p>\n<p style=\"text-align: justify;\">Prosimy tak\u017ce o Twoje Apostolskie B\u0142ogos\u0142awie\u0144stwo dla NSZZ \u201eSolidarno\u015b\u0107\u201d, aby\u015bmy umieli budowa\u0107 Polsk\u0119 opart\u0105 na fundamencie warto\u015bci chrze\u015bcija\u0144skich, godn\u0105 swej ponad tysi\u0105cletniej tradycji.<\/p>\n","protected":false},"excerpt":{"rendered":"<p>Umi\u0142owany Ojcze \u015awi\u0119ty, Delegaci zgromadzeni na obradach XXII Krajowego Zjazdu NSZZ &#8222;Solidarno\u015b\u0107&#8221; , obraduj\u0105cego w Wadowicach \u2013 mie\u015bcie narodzin Ojca \u015awi\u0119tego Jana Paw\u0142a II, przesy\u0142aj\u0105 Waszej \u015awi\u0105tobliwo\u015bci z serca p\u0142yn\u0105ce pozdrowienia i \u017cyczenia wielu \u0141ask Bo\u017cych, zapewniaj\u0105c jednocze\u015bnie o naszej modlitwie. Pragniemy poinformowa\u0107 Wasz\u0105 \u015awi\u0105tobliwo\u015b\u0107, \u017ce w zwi\u0105zku z 30-t\u0105 rocznic\u0105 powo\u0142ania Kardyna\u0142a Karola Wojty\u0142y [&hellip;]<\/p>\n","protected":false},"author":3,"featured_media":0,"comment_status":"closed","ping_status":"closed","sticky":false,"template":"","format":"standard","meta":{"footnotes":""},"categories":[40,16],"tags":[3091,2636,65,2652,3092],"class_list":["post-2790","post","type-post","status-publish","format-standard","hentry","category-22kzd","category-dokkzd","tag-3091","tag-kzd","tag-list","tag-list-kzd","tag-xxii-kzd"],"_links":{"self":[{"href":"https:\/\/www.solidarnosc.org.pl\/dok\/wp-json\/wp\/v2\/posts\/2790","targetHints":{"allow":["GET"]}}],"collection":[{"href":"https:\/\/www.solidarnosc.org.pl\/dok\/wp-json\/wp\/v2\/posts"}],"about":[{"href":"https:\/\/www.solidarnosc.org.pl\/dok\/wp-json\/wp\/v2\/types\/post"}],"author":[{"embeddable":true,"href":"https:\/\/www.solidarnosc.org.pl\/dok\/wp-json\/wp\/v2\/users\/3"}],"replies":[{"embeddable":true,"href":"https:\/\/www.solidarnosc.org.pl\/dok\/wp-json\/wp\/v2\/comments?post=2790"}],"version-history":[{"count":1,"href":"https:\/\/www.solidarnosc.org.pl\/dok\/wp-json\/wp\/v2\/posts\/2790\/revisions"}],"predecessor-version":[{"id":2792,"href":"https:\/\/www.solidarnosc.org.pl\/dok\/wp-json\/wp\/v2\/posts\/2790\/revisions\/2792"}],"wp:attachment":[{"href":"https:\/\/www.solidarnosc.org.pl\/dok\/wp-json\/wp\/v2\/media?parent=2790"}],"wp:term":[{"taxonomy":"category","embeddable":true,"href":"https:\/\/www.solidarnosc.org.pl\/dok\/wp-json\/wp\/v2\/categories?post=2790"},{"taxonomy":"post_tag","embeddable":true,"href":"https:\/\/www.solidarnosc.org.pl\/dok\/wp-json\/wp\/v2\/tags?post=2790"}],"curies":[{"name":"wp","href":"https:\/\/api.w.org\/{rel}","templated":true}]}}