{"id":2780,"date":"2010-08-30T13:15:38","date_gmt":"2010-08-30T11:15:38","guid":{"rendered":"http:\/\/www.solidarnosc.org.pl\/dok\/?p=2780"},"modified":"2012-10-11T13:17:55","modified_gmt":"2012-10-11T11:17:55","slug":"uchwala-xxiv-kzd-nr-12010-o-godnosc-o-solidarnosc-o-polske","status":"publish","type":"post","link":"https:\/\/www.solidarnosc.org.pl\/dok\/2010\/08\/30\/uchwala-xxiv-kzd-nr-12010-o-godnosc-o-solidarnosc-o-polske\/","title":{"rendered":"Uchwa\u0142a XXIV KZD nr 1\/2010 O godno\u015b\u0107, o solidarno\u015b\u0107, o Polsk\u0119"},"content":{"rendered":"<p style=\"text-align: justify;\"><strong>30 lat temu polski \u015bwiat pracy zorganizowa\u0142 si\u0119 w Niezale\u017cny Samorz\u0105dny Zwi\u0105zek Zawodowy \u201eSolidarno\u015b\u0107\u201d, daj\u0105c nadziej\u0119 na godne \u017cycie w wolnej ojczy\u017anie. Ta nadzieja pozwoli\u0142a przetrwa\u0107 noc stanu wojennego. Wspierani przez Ojca \u015awi\u0119tego Jana Paw\u0142a II i duchowie\u0144stwo polskie, a tak\u017ce przez przyjaci\u00f3\u0142 z niezale\u017cnych organizacji zwi\u0105zkowych z ca\u0142ego \u015bwiata pokonali\u015bmy zbrodniczy system, odzyskali\u015bmy wolno\u015b\u0107 i suwerenno\u015b\u0107. Zwyci\u0119\u017cyli\u015bmy! Wielu ludzi zap\u0142aci\u0142o za to cz\u0119sto najwy\u017csz\u0105 cen\u0119 \u2013 cen\u0119 \u017cycia. W 30-t\u0105 rocznic\u0119 narodzin naszego Zwi\u0105zku sk\u0142adamy im wszystkim ho\u0142d wdzi\u0119czno\u015bci \u2013 bez tej ofiary nie by\u0142oby dzi\u015b wolnej i niepodleg\u0142ej Ojczyzny.<\/strong><\/p>\n<p style=\"text-align: justify;\" align=\"center\"><strong>O godno\u015b\u0107<\/strong><\/p>\n<p style=\"text-align: justify;\">NSZZ \u201eSolidarno\u015b\u0107\u201d zrodzi\u0142 si\u0119 z potrzeby godno\u015bci i poczucia wsp\u00f3lnoty. 30 lat temu pracownicy upomnieli si\u0119 o swoje podstawowe prawa \u2013 prawo do bezpiecznej i godziwie wynagradzanej pracy, prawo do zrzeszania si\u0119 w niezale\u017cne zwi\u0105zki zawodowe, prawo do wolno\u015bci s\u0142owa, do obecno\u015bci Krzy\u017ca w \u017cyciu publicznym. Powo\u0142ali\u015bmy \u201eSolidarno\u015b\u0107\u201d, aby wsp\u00f3lnie o te prawa zabiega\u0107. Dzi\u0119ki temu, \u017ce zawsze na pierwszym miejscu stawiali\u015bmy godno\u015b\u0107 cz\u0142owieka, a swoj\u0105 dzia\u0142alno\u015b\u0107 opierali\u015bmy na etyce chrze\u015bcija\u0144skiej \u2013 mogli\u015bmy bez przemocy zwyci\u0119\u017cy\u0107.<\/p>\n<p style=\"text-align: justify;\">W wolnej i niepodleg\u0142ej Polsce, dumni\u00a0 z naszych dokona\u0144, musimy dzia\u0142a\u0107 na rzecz zmniejszenia przepa\u015bci, kt\u00f3ra dzieli biednych i bogatych, upominaj\u0105c si\u0119 o prawo do godnej i tw\u00f3rczej pracy, kt\u00f3ra jest podstaw\u0105 godnego \u017cycia i stanowi fundament realnej gospodarki. Zagro\u017ceniem dla godno\u015bci cz\u0142owieka pozostaje bezrobocie i traktowanie pracy wy\u0142\u0105cznie jako towaru na sprzeda\u017c. Dlatego pe\u0142ne zatrudnienie i podmiotowe traktowanie cz\u0142owieka powinny by\u0107 celem polityki gospodarczej i spo\u0142ecznej. Tego oczekujemy, tego b\u0119dziemy \u017c\u0105da\u0107 od polityk\u00f3w i pracodawc\u00f3w.<\/p>\n<p style=\"text-align: justify;\" align=\"center\"><strong>O solidarno\u015b\u0107<\/strong><\/p>\n<p style=\"text-align: justify;\">Zwyci\u0119\u017cyli\u015bmy komunizm, bo stan\u0119li\u015bmy razem \u2013 solidarni. Nie dali\u015bmy si\u0119 podzieli\u0107, ani zniszczy\u0107! Tylko solidarni mo\u017cemy w\u0142a\u015bciwie zagospodarowa\u0107 wywalczon\u0105 wolno\u015b\u0107 i zwyci\u0119\u017cy\u0107 zagro\u017cenia, kt\u00f3re niesie wsp\u00f3\u0142czesny globalny \u015bwiat. Zorganizowani mo\u017cemy skutecznie budowa\u0107 Polsk\u0119 naszych marze\u0144! Nie b\u0105d\u017amy bierni! Korzystajmy z wywalczonych praw \u2013 prawa do zrzeszania si\u0119, do wolnych wybor\u00f3w, do godnej pracy. Ale solidarno\u015b\u0107, to tak\u017ce zobowi\u0105zania. Jan Pawe\u0142 II m\u00f3wi\u0142 do nas \u2013 solidarno\u015b\u0107 to jeden i drugi; nigdy jeden przeciwko drugiemu. Solidarno\u015b\u0107 to brzemi\u0119 niesione razem. Pami\u0119tajmy te s\u0142owa i stosujmy je w praktyce.<\/p>\n<p style=\"text-align: justify;\" align=\"center\"><strong>O Polsk\u0119<\/strong><\/p>\n<p style=\"text-align: justify;\">Patriotyzm to nie tylko postawa czasu pr\u00f3by i walki o wolno\u015b\u0107, to nie tylko kultywowanie tradycji, oddawanie czci bohaterom narodowym i pami\u0119\u0107 o nich. To tak\u017ce dzia\u0142alno\u015b\u0107 na rzecz spo\u0142ecze\u0144stwa; uczestnictwo w wyborach, \u015bwiadoma postawa obywatelska. To stawianie dobra kraju ponad interes polityczny i osobisty. Patriotyzm pozwala wi\u0119c na m\u0105dre zagospodarowanie czasu pokoju, budow\u0119 silnego pa\u0144stwa oraz dobrobytu jego obywateli.<\/p>\n<p style=\"text-align: justify;\">Od chwili powstania troska o Polsk\u0119 to fundament naszego dzia\u0142ania. 30 lat po podpisaniu porozumie\u0144 w Gda\u0144sku, Szczecinie i Jastrz\u0119biu Niezale\u017cny Samorz\u0105dny Zwi\u0105zek Zawodowy \u201eSolidarno\u015b\u0107\u201d jest potrzebny pracownikom i Polsce. Zachowujemy w naszych sercach s\u0142owa Jana Paw\u0142a II skierowane do nas w 2003 roku: \u201e<em>W\u0142adza przechodzi z r\u0105k do r\u0105k, a robotnicy, rolnicy, nauczyciele, s\u0142u\u017cba zdrowia i wszyscy inni pracownicy, bez wzgl\u0119du na to, kto sprawuje w\u0142adz\u0119 w kraju, oczekuj\u0105 pomocy w obronie ich s\u0142usznych praw. Tu nie mo\u017ce zabrakn\u0105\u0107 \u201eSolidarno\u015bci<\/em>\u201d! I nie zabraknie!<\/p>\n<p style=\"text-align: justify;\" align=\"center\"><strong>O solidarn\u0105 Europ\u0119<\/strong><\/p>\n<p style=\"text-align: justify;\"><em>Nie ma zjednoczonej Europy bez niepodleg\u0142ej Polski<\/em> \u2013 g\u0142osi\u0142 transparent w stanie wojennym. Od kilku lat wsp\u00f3lnie budujemy nasz\u0105 przysz\u0142o\u015b\u0107 w rodzinie narod\u00f3w europejskich. W 20-t\u0105 rocznic\u0119 powstania NSZZ \u201eSolidarno\u015b\u0107\u201d podkre\u015blali\u015bmy konieczno\u015b\u0107 <em>przeciwstawienia si\u0119 d\u0105\u017ceniom globalnego kapita\u0142u do maksymalizacji zysku poprzez redukcj\u0119 zatrudnienia, lekcewa\u017cenie norm bezpiecze\u0144stwa i higieny pracy oraz ochrony \u015brodowiska<\/em>. Dzi\u015b, w czasie kryzysu, te s\u0142owa nabieraj\u0105 szczeg\u00f3lnego znaczenia. Dlatego wymagane s\u0105 solidarne dzia\u0142ania europejskiego i \u015bwiatowego ruchu zwi\u0105zkowego w obronie standard\u00f3w pracy i p\u0142acy.<\/p>\n<p style=\"text-align: justify;\">W trzydzie\u015bci lat po Sierpniu 1980 roku apelujemy do rz\u0105d\u00f3w i instytucji\u00a0 europejskich, organizacji pracodawc\u00f3w i zwi\u0105zk\u00f3w zawodowych o wsp\u00f3lne dzia\u0142anie na rzecz globalizacji praw pracowniczych i zwi\u0105zkowych. Globalizacja tak rozumianej solidarno\u015bci pomo\u017ce walczy\u0107 z bied\u0105 i wyzyskiem, ograniczy patologiczn\u0105 konkurencj\u0119<br \/>\ni umo\u017cliwi zr\u00f3wnowa\u017cony rozw\u00f3j.<\/p>\n<p style=\"text-align: justify;\"><strong>NSZZ \u201eSolidarno\u015b\u0107\u201d zrodzi\u0142 si\u0119 z podniesionych g\u0142\u00f3w, a nie z zaci\u015bni\u0119tych pi\u0119\u015bci. Dzi\u015b, w tak trudnych miesi\u0105cach dla naszej Ojczyzny, warto o tym pami\u0119ta\u0107. Trzydzie\u015bci lat temu rozpocz\u0119li\u015bmy \u2013 zako\u0144czony sukcesem \u2013 marsz ku wolnej Polsce. Wyzwaniem pozostaje Polska sprawiedliwa i solidarna, Polska dialogu, szacunku dla drugiego cz\u0142owieka i troski o rodzin\u0119, r\u00f3wnych praw i r\u00f3wnych szans. To nasze najwa\u017cniejsze zadania na najbli\u017csze lata.\u00a0<\/strong><\/p>\n","protected":false},"excerpt":{"rendered":"<p>30 lat temu polski \u015bwiat pracy zorganizowa\u0142 si\u0119 w Niezale\u017cny Samorz\u0105dny Zwi\u0105zek Zawodowy \u201eSolidarno\u015b\u0107\u201d, daj\u0105c nadziej\u0119 na godne \u017cycie w wolnej ojczy\u017anie. Ta nadzieja pozwoli\u0142a przetrwa\u0107 noc stanu wojennego. Wspierani przez Ojca \u015awi\u0119tego Jana Paw\u0142a II i duchowie\u0144stwo polskie, a tak\u017ce przez przyjaci\u00f3\u0142 z niezale\u017cnych organizacji zwi\u0105zkowych z ca\u0142ego \u015bwiata pokonali\u015bmy zbrodniczy system, odzyskali\u015bmy wolno\u015b\u0107 [&hellip;]<\/p>\n","protected":false},"author":3,"featured_media":0,"comment_status":"closed","ping_status":"closed","sticky":false,"template":"","format":"standard","meta":{"footnotes":""},"categories":[42,16],"tags":[136,135,2636,62,2638,3117],"class_list":["post-2780","post","type-post","status-publish","format-standard","hentry","category-24kzd","category-dokkzd","tag-1-2010","tag-135","tag-kzd","tag-uchwala","tag-uchwala-kzd","tag-xxiv-kzd"],"_links":{"self":[{"href":"https:\/\/www.solidarnosc.org.pl\/dok\/wp-json\/wp\/v2\/posts\/2780","targetHints":{"allow":["GET"]}}],"collection":[{"href":"https:\/\/www.solidarnosc.org.pl\/dok\/wp-json\/wp\/v2\/posts"}],"about":[{"href":"https:\/\/www.solidarnosc.org.pl\/dok\/wp-json\/wp\/v2\/types\/post"}],"author":[{"embeddable":true,"href":"https:\/\/www.solidarnosc.org.pl\/dok\/wp-json\/wp\/v2\/users\/3"}],"replies":[{"embeddable":true,"href":"https:\/\/www.solidarnosc.org.pl\/dok\/wp-json\/wp\/v2\/comments?post=2780"}],"version-history":[{"count":1,"href":"https:\/\/www.solidarnosc.org.pl\/dok\/wp-json\/wp\/v2\/posts\/2780\/revisions"}],"predecessor-version":[{"id":2782,"href":"https:\/\/www.solidarnosc.org.pl\/dok\/wp-json\/wp\/v2\/posts\/2780\/revisions\/2782"}],"wp:attachment":[{"href":"https:\/\/www.solidarnosc.org.pl\/dok\/wp-json\/wp\/v2\/media?parent=2780"}],"wp:term":[{"taxonomy":"category","embeddable":true,"href":"https:\/\/www.solidarnosc.org.pl\/dok\/wp-json\/wp\/v2\/categories?post=2780"},{"taxonomy":"post_tag","embeddable":true,"href":"https:\/\/www.solidarnosc.org.pl\/dok\/wp-json\/wp\/v2\/tags?post=2780"}],"curies":[{"name":"wp","href":"https:\/\/api.w.org\/{rel}","templated":true}]}}