{"id":2593,"date":"2006-09-29T11:06:32","date_gmt":"2006-09-29T09:06:32","guid":{"rendered":"http:\/\/www.solidarnosc.org.pl\/dok\/?p=2593"},"modified":"2012-10-10T11:08:02","modified_gmt":"2012-10-10T09:08:02","slug":"stanowisko-xx-kzd-nr-12006-ws-gwarancji-dla-pracownikow-ochrony-zdrowia","status":"publish","type":"post","link":"https:\/\/www.solidarnosc.org.pl\/dok\/2006\/09\/29\/stanowisko-xx-kzd-nr-12006-ws-gwarancji-dla-pracownikow-ochrony-zdrowia\/","title":{"rendered":"Stanowisko XX KZD nr 1\/2006 ws. gwarancji dla pracownik\u00f3w ochrony zdrowia"},"content":{"rendered":"<p style=\"text-align: justify;\">Krajowy Zjazd Delegat\u00f3w NSZZ \u201eSolidarno\u015b\u0107\u201d udziela pe\u0142nego poparcia d\u0105\u017ceniom pracownik\u00f3w ochrony zdrowia do uzyskania trwa\u0142ych, ustawowych rozwi\u0105za\u0144 dotycz\u0105cych warunk\u00f3w zatrudniania i wynagradzania.<\/p>\n<p style=\"text-align: justify;\">Doprowadzi to do normalizacji sytuacji w bran\u017cy, zmniejszy pole konflikt\u00f3w spo\u0142ecznych uci\u0105\u017cliwych zar\u00f3wno dla pracownik\u00f3w, jak i dla pacjent\u00f3w. Stworzy szans\u0119 na podniesienie statusu zawod\u00f3w medycznych, powstrzymanie procesu migracji i zapewni niezb\u0119dne poczucie bezpiecze\u0144stwa dla wszystkich.<\/p>\n<p style=\"text-align: justify;\">Domagamy si\u0119 od rz\u0105du RP i parlamentu zdynamizowania prac nad ustawowymi gwarancjami zatrudnienia i wynagradzania pracownik\u00f3w ochrony zdrowia, a od Komisji Krajowej udzielenia wszelkiego wsparcia i pomocy merytorycznej w realizacji tego zadania.<\/p>\n<p style=\"text-align: justify;\">Wnosimy o uwzgl\u0119dnienie w bud\u017cecie pa\u0144stwa kwoty finansuj\u0105cej podwy\u017cki dla pracownik\u00f3w ochrony zdrowia nieobj\u0119tych dzia\u0142aniem ustawy z dnia 22.07.2006 r.<br \/>\no przekazywaniu \u015brodk\u00f3w finansowych \u015bwiadczeniodawcom na wzrost wynagrodze\u0144.<\/p>\n","protected":false},"excerpt":{"rendered":"<p>Krajowy Zjazd Delegat\u00f3w NSZZ \u201eSolidarno\u015b\u0107\u201d udziela pe\u0142nego poparcia d\u0105\u017ceniom pracownik\u00f3w ochrony zdrowia do uzyskania trwa\u0142ych, ustawowych rozwi\u0105za\u0144 dotycz\u0105cych warunk\u00f3w zatrudniania i wynagradzania. Doprowadzi to do normalizacji sytuacji w bran\u017cy, zmniejszy pole konflikt\u00f3w spo\u0142ecznych uci\u0105\u017cliwych zar\u00f3wno dla pracownik\u00f3w, jak i dla pacjent\u00f3w. Stworzy szans\u0119 na podniesienie statusu zawod\u00f3w medycznych, powstrzymanie procesu migracji i zapewni niezb\u0119dne poczucie [&hellip;]<\/p>\n","protected":false},"author":3,"featured_media":0,"comment_status":"closed","ping_status":"closed","sticky":false,"template":"","format":"standard","meta":{"footnotes":""},"categories":[38,16],"tags":[3057,3055,2636,63,2661,3056],"class_list":["post-2593","post","type-post","status-publish","format-standard","hentry","category-20kzd","category-dokkzd","tag-1-2006","tag-3055","tag-kzd","tag-stanowisko","tag-stanowisko-kzd","tag-xx-kzd"],"_links":{"self":[{"href":"https:\/\/www.solidarnosc.org.pl\/dok\/wp-json\/wp\/v2\/posts\/2593","targetHints":{"allow":["GET"]}}],"collection":[{"href":"https:\/\/www.solidarnosc.org.pl\/dok\/wp-json\/wp\/v2\/posts"}],"about":[{"href":"https:\/\/www.solidarnosc.org.pl\/dok\/wp-json\/wp\/v2\/types\/post"}],"author":[{"embeddable":true,"href":"https:\/\/www.solidarnosc.org.pl\/dok\/wp-json\/wp\/v2\/users\/3"}],"replies":[{"embeddable":true,"href":"https:\/\/www.solidarnosc.org.pl\/dok\/wp-json\/wp\/v2\/comments?post=2593"}],"version-history":[{"count":1,"href":"https:\/\/www.solidarnosc.org.pl\/dok\/wp-json\/wp\/v2\/posts\/2593\/revisions"}],"predecessor-version":[{"id":2595,"href":"https:\/\/www.solidarnosc.org.pl\/dok\/wp-json\/wp\/v2\/posts\/2593\/revisions\/2595"}],"wp:attachment":[{"href":"https:\/\/www.solidarnosc.org.pl\/dok\/wp-json\/wp\/v2\/media?parent=2593"}],"wp:term":[{"taxonomy":"category","embeddable":true,"href":"https:\/\/www.solidarnosc.org.pl\/dok\/wp-json\/wp\/v2\/categories?post=2593"},{"taxonomy":"post_tag","embeddable":true,"href":"https:\/\/www.solidarnosc.org.pl\/dok\/wp-json\/wp\/v2\/tags?post=2593"}],"curies":[{"name":"wp","href":"https:\/\/api.w.org\/{rel}","templated":true}]}}