{"id":2312,"date":"2002-09-28T11:58:02","date_gmt":"2002-09-28T09:58:02","guid":{"rendered":"http:\/\/www.solidarnosc.org.pl\/dok\/?p=2312"},"modified":"2012-10-08T11:59:54","modified_gmt":"2012-10-08T09:59:54","slug":"apel-xv-kzd-nr-12002-ws-wzrostu-skladki-na-powszechne-ubezpieczenie-zdrowotne","status":"publish","type":"post","link":"https:\/\/www.solidarnosc.org.pl\/dok\/2002\/09\/28\/apel-xv-kzd-nr-12002-ws-wzrostu-skladki-na-powszechne-ubezpieczenie-zdrowotne\/","title":{"rendered":"Apel XV KZD nr 1\/2002 ws. wzrostu sk\u0142adki na powszechne ubezpieczenie zdrowotne"},"content":{"rendered":"<p style=\"text-align: justify;\">Krajowy Zjazd Delegat\u00f3w NSZZ \u201eSolidarno\u015b\u0107\u201d\u00a0 zwraca si\u0119 do parlamentarzyst\u00f3w RP o przyj\u0119cie ustawowego wzrostu sk\u0142adki na powszechne ubezpieczenie zdrowotne<br \/>\nw wysoko\u015bci nie mniejszej ni\u017c 0,25% jej podstawy. Zagwarantuje to plac\u00f3wkom s\u0142u\u017cby zdrowia niezb\u0119dne minimum \u015brodk\u00f3w na pokrycie rosn\u0105cych koszt\u00f3w dzia\u0142alno\u015bci i na dalsze dzia\u0142ania dostosowuj\u0105ce ich funkcjonowanie do zmieniaj\u0105cych si\u0119 warunk\u00f3w ekonomicznych i organizacyjnych. Poprawi r\u00f3wnocze\u015bnie dost\u0119pno\u015b\u0107 do \u015bwiadcze\u0144 zdrowotnych.<\/p>\n","protected":false},"excerpt":{"rendered":"<p>Krajowy Zjazd Delegat\u00f3w NSZZ \u201eSolidarno\u015b\u0107\u201d\u00a0 zwraca si\u0119 do parlamentarzyst\u00f3w RP o przyj\u0119cie ustawowego wzrostu sk\u0142adki na powszechne ubezpieczenie zdrowotne w wysoko\u015bci nie mniejszej ni\u017c 0,25% jej podstawy. Zagwarantuje to plac\u00f3wkom s\u0142u\u017cby zdrowia niezb\u0119dne minimum \u015brodk\u00f3w na pokrycie rosn\u0105cych koszt\u00f3w dzia\u0142alno\u015bci i na dalsze dzia\u0142ania dostosowuj\u0105ce ich funkcjonowanie do zmieniaj\u0105cych si\u0119 warunk\u00f3w ekonomicznych i organizacyjnych. Poprawi [&hellip;]<\/p>\n","protected":false},"author":3,"featured_media":0,"comment_status":"closed","ping_status":"closed","sticky":false,"template":"","format":"standard","meta":{"footnotes":""},"categories":[33,16],"tags":[2996,2994,64,2832,2636,2995],"class_list":["post-2312","post","type-post","status-publish","format-standard","hentry","category-15kzd","category-dokkzd","tag-1-2002","tag-2994","tag-apel","tag-apel-kzd","tag-kzd","tag-xv-kzd"],"_links":{"self":[{"href":"https:\/\/www.solidarnosc.org.pl\/dok\/wp-json\/wp\/v2\/posts\/2312","targetHints":{"allow":["GET"]}}],"collection":[{"href":"https:\/\/www.solidarnosc.org.pl\/dok\/wp-json\/wp\/v2\/posts"}],"about":[{"href":"https:\/\/www.solidarnosc.org.pl\/dok\/wp-json\/wp\/v2\/types\/post"}],"author":[{"embeddable":true,"href":"https:\/\/www.solidarnosc.org.pl\/dok\/wp-json\/wp\/v2\/users\/3"}],"replies":[{"embeddable":true,"href":"https:\/\/www.solidarnosc.org.pl\/dok\/wp-json\/wp\/v2\/comments?post=2312"}],"version-history":[{"count":1,"href":"https:\/\/www.solidarnosc.org.pl\/dok\/wp-json\/wp\/v2\/posts\/2312\/revisions"}],"predecessor-version":[{"id":2314,"href":"https:\/\/www.solidarnosc.org.pl\/dok\/wp-json\/wp\/v2\/posts\/2312\/revisions\/2314"}],"wp:attachment":[{"href":"https:\/\/www.solidarnosc.org.pl\/dok\/wp-json\/wp\/v2\/media?parent=2312"}],"wp:term":[{"taxonomy":"category","embeddable":true,"href":"https:\/\/www.solidarnosc.org.pl\/dok\/wp-json\/wp\/v2\/categories?post=2312"},{"taxonomy":"post_tag","embeddable":true,"href":"https:\/\/www.solidarnosc.org.pl\/dok\/wp-json\/wp\/v2\/tags?post=2312"}],"curies":[{"name":"wp","href":"https:\/\/api.w.org\/{rel}","templated":true}]}}