{"id":2259,"date":"2002-09-28T11:21:46","date_gmt":"2002-09-28T09:21:46","guid":{"rendered":"http:\/\/www.solidarnosc.org.pl\/dok\/?p=2259"},"modified":"2012-10-08T11:25:09","modified_gmt":"2012-10-08T09:25:09","slug":"uchwala-xv-kzd-nr-52002-ws-przywrocenia-zasilku-przedemerytalnego","status":"publish","type":"post","link":"https:\/\/www.solidarnosc.org.pl\/dok\/2002\/09\/28\/uchwala-xv-kzd-nr-52002-ws-przywrocenia-zasilku-przedemerytalnego\/","title":{"rendered":"Uchwa\u0142a XV KZD nr 5\/2002 ws. przywr\u00f3cenia zasi\u0142ku przedemerytalnego"},"content":{"rendered":"<p style=\"text-align: justify;\">Krajowy Zjazd Delegat\u00f3w zobowi\u0105zuje Komisj\u0119 Krajow\u0105 do podj\u0119cia szybkich dzia\u0142a\u0144 na rzecz przywr\u00f3cenia zasi\u0142k\u00f3w i \u015bwiadcze\u0144 przedemerytalnych poprzez zmian\u0119 ustawy o zatrudnieniu i przeciwdzia\u0142aniu bezrobociu przywracaj\u0105c\u0105 kryteria merytoryczne i ekonomiczne nabywania tych \u015bwiadcze\u0144 do stanu sprzed 1 stycznia\u00a02002 r.<\/p>\n","protected":false},"excerpt":{"rendered":"<p>Krajowy Zjazd Delegat\u00f3w zobowi\u0105zuje Komisj\u0119 Krajow\u0105 do podj\u0119cia szybkich dzia\u0142a\u0144 na rzecz przywr\u00f3cenia zasi\u0142k\u00f3w i \u015bwiadcze\u0144 przedemerytalnych poprzez zmian\u0119 ustawy o zatrudnieniu i przeciwdzia\u0142aniu bezrobociu przywracaj\u0105c\u0105 kryteria merytoryczne i ekonomiczne nabywania tych \u015bwiadcze\u0144 do stanu sprzed 1 stycznia\u00a02002 r.<\/p>\n","protected":false},"author":3,"featured_media":0,"comment_status":"closed","ping_status":"closed","sticky":false,"template":"","format":"standard","meta":{"footnotes":""},"categories":[33,16],"tags":[2994,3000,2636,62,2638,2995],"class_list":["post-2259","post","type-post","status-publish","format-standard","hentry","category-15kzd","category-dokkzd","tag-2994","tag-5-2002","tag-kzd","tag-uchwala","tag-uchwala-kzd","tag-xv-kzd"],"_links":{"self":[{"href":"https:\/\/www.solidarnosc.org.pl\/dok\/wp-json\/wp\/v2\/posts\/2259","targetHints":{"allow":["GET"]}}],"collection":[{"href":"https:\/\/www.solidarnosc.org.pl\/dok\/wp-json\/wp\/v2\/posts"}],"about":[{"href":"https:\/\/www.solidarnosc.org.pl\/dok\/wp-json\/wp\/v2\/types\/post"}],"author":[{"embeddable":true,"href":"https:\/\/www.solidarnosc.org.pl\/dok\/wp-json\/wp\/v2\/users\/3"}],"replies":[{"embeddable":true,"href":"https:\/\/www.solidarnosc.org.pl\/dok\/wp-json\/wp\/v2\/comments?post=2259"}],"version-history":[{"count":1,"href":"https:\/\/www.solidarnosc.org.pl\/dok\/wp-json\/wp\/v2\/posts\/2259\/revisions"}],"predecessor-version":[{"id":2261,"href":"https:\/\/www.solidarnosc.org.pl\/dok\/wp-json\/wp\/v2\/posts\/2259\/revisions\/2261"}],"wp:attachment":[{"href":"https:\/\/www.solidarnosc.org.pl\/dok\/wp-json\/wp\/v2\/media?parent=2259"}],"wp:term":[{"taxonomy":"category","embeddable":true,"href":"https:\/\/www.solidarnosc.org.pl\/dok\/wp-json\/wp\/v2\/categories?post=2259"},{"taxonomy":"post_tag","embeddable":true,"href":"https:\/\/www.solidarnosc.org.pl\/dok\/wp-json\/wp\/v2\/tags?post=2259"}],"curies":[{"name":"wp","href":"https:\/\/api.w.org\/{rel}","templated":true}]}}