{"id":2237,"date":"2001-10-26T10:22:46","date_gmt":"2001-10-26T08:22:46","guid":{"rendered":"http:\/\/www.solidarnosc.org.pl\/dok\/?p=2237"},"modified":"2012-10-08T10:24:06","modified_gmt":"2012-10-08T08:24:06","slug":"apel-xiv-kzd-nr-32001-ws-uzywania-symbolu-i-znaku-solidarnosc","status":"publish","type":"post","link":"https:\/\/www.solidarnosc.org.pl\/dok\/2001\/10\/26\/apel-xiv-kzd-nr-32001-ws-uzywania-symbolu-i-znaku-solidarnosc\/","title":{"rendered":"Apel XIV KZD nr 3\/2001 ws. u\u017cywania symbolu i znaku \u201eSolidarno\u015b\u0107\u201d"},"content":{"rendered":"<p style=\"text-align: justify;\">\u00a0 \u00a0 \u00a0\u00a0Krajowy Zjazd Delegat\u00f3w NSZZ ,,Solidarno\u015b\u0107\u201d zwraca si\u0119 do w\u0142adz Akcji Wyborczej Solidarno\u015b\u0107 Prawicy o wykre\u015blenie ze swojej nazwy s\u0142owa \u201eSolidarno\u015b\u0107\u201d. Apeluje r\u00f3wnie\u017c o nieu\u017cywanie w przysz\u0142o\u015bci znaku i symbolu \u201eSolidarno\u015b\u0107\u201d przez jakiekolwiek partie polityczne i komitety wyborcze.<\/p>\n","protected":false},"excerpt":{"rendered":"<p>\u00a0 \u00a0 \u00a0\u00a0Krajowy Zjazd Delegat\u00f3w NSZZ ,,Solidarno\u015b\u0107\u201d zwraca si\u0119 do w\u0142adz Akcji Wyborczej Solidarno\u015b\u0107 Prawicy o wykre\u015blenie ze swojej nazwy s\u0142owa \u201eSolidarno\u015b\u0107\u201d. Apeluje r\u00f3wnie\u017c o nieu\u017cywanie w przysz\u0142o\u015bci znaku i symbolu \u201eSolidarno\u015b\u0107\u201d przez jakiekolwiek partie polityczne i komitety wyborcze.<\/p>\n","protected":false},"author":3,"featured_media":0,"comment_status":"closed","ping_status":"closed","sticky":false,"template":"","format":"standard","meta":{"footnotes":""},"categories":[32,16],"tags":[2982,2986,64,2832,2636,2983],"class_list":["post-2237","post","type-post","status-publish","format-standard","hentry","category-14kzd","category-dokkzd","tag-2982","tag-3-2001","tag-apel","tag-apel-kzd","tag-kzd","tag-xiv-kzd"],"_links":{"self":[{"href":"https:\/\/www.solidarnosc.org.pl\/dok\/wp-json\/wp\/v2\/posts\/2237","targetHints":{"allow":["GET"]}}],"collection":[{"href":"https:\/\/www.solidarnosc.org.pl\/dok\/wp-json\/wp\/v2\/posts"}],"about":[{"href":"https:\/\/www.solidarnosc.org.pl\/dok\/wp-json\/wp\/v2\/types\/post"}],"author":[{"embeddable":true,"href":"https:\/\/www.solidarnosc.org.pl\/dok\/wp-json\/wp\/v2\/users\/3"}],"replies":[{"embeddable":true,"href":"https:\/\/www.solidarnosc.org.pl\/dok\/wp-json\/wp\/v2\/comments?post=2237"}],"version-history":[{"count":1,"href":"https:\/\/www.solidarnosc.org.pl\/dok\/wp-json\/wp\/v2\/posts\/2237\/revisions"}],"predecessor-version":[{"id":2239,"href":"https:\/\/www.solidarnosc.org.pl\/dok\/wp-json\/wp\/v2\/posts\/2237\/revisions\/2239"}],"wp:attachment":[{"href":"https:\/\/www.solidarnosc.org.pl\/dok\/wp-json\/wp\/v2\/media?parent=2237"}],"wp:term":[{"taxonomy":"category","embeddable":true,"href":"https:\/\/www.solidarnosc.org.pl\/dok\/wp-json\/wp\/v2\/categories?post=2237"},{"taxonomy":"post_tag","embeddable":true,"href":"https:\/\/www.solidarnosc.org.pl\/dok\/wp-json\/wp\/v2\/tags?post=2237"}],"curies":[{"name":"wp","href":"https:\/\/api.w.org\/{rel}","templated":true}]}}