{"id":2185,"date":"2001-10-26T09:50:55","date_gmt":"2001-10-26T07:50:55","guid":{"rendered":"http:\/\/www.solidarnosc.org.pl\/dok\/?p=2185"},"modified":"2012-10-08T09:52:11","modified_gmt":"2012-10-08T07:52:11","slug":"uchwala-xiv-kzd-nr-72001-ws-laczenia-funkcji-politycznych-ze-zwiazkowymi","status":"publish","type":"post","link":"https:\/\/www.solidarnosc.org.pl\/dok\/2001\/10\/26\/uchwala-xiv-kzd-nr-72001-ws-laczenia-funkcji-politycznych-ze-zwiazkowymi\/","title":{"rendered":"Uchwa\u0142a XIV KZD nr 7\/2001 ws. \u0142\u0105czenia funkcji politycznych ze zwi\u0105zkowymi"},"content":{"rendered":"<p style=\"text-align: justify;\">Krajowy Zjazd Delegat\u00f3w NSZZ \u201eSolidarno\u015b\u0107\u201d uchyla uchwa\u0142\u0119 nr 2 X KZD i zobowi\u0105zuje Komisj\u0119 Krajow\u0105 do wykre\u015blenia paragrafu nr 4 uchwa\u0142y Komisji Krajowej nr 57\/2001 i wpisania w to\u00a0 miejsce \u201eWprowadza si\u0119 zakaz \u0142\u0105czenia funkcji zwi\u0105zkowych na wszystkich szczeblach z kierowniczymi funkcjami w\u00a0organizacjach politycznych\u201d.<\/p>\n","protected":false},"excerpt":{"rendered":"<p>Krajowy Zjazd Delegat\u00f3w NSZZ \u201eSolidarno\u015b\u0107\u201d uchyla uchwa\u0142\u0119 nr 2 X KZD i zobowi\u0105zuje Komisj\u0119 Krajow\u0105 do wykre\u015blenia paragrafu nr 4 uchwa\u0142y Komisji Krajowej nr 57\/2001 i wpisania w to\u00a0 miejsce \u201eWprowadza si\u0119 zakaz \u0142\u0105czenia funkcji zwi\u0105zkowych na wszystkich szczeblach z kierowniczymi funkcjami w\u00a0organizacjach politycznych\u201d.<\/p>\n","protected":false},"author":3,"featured_media":0,"comment_status":"closed","ping_status":"closed","sticky":false,"template":"","format":"standard","meta":{"footnotes":""},"categories":[32,16],"tags":[2982,2990,2636,62,2638,2983],"class_list":["post-2185","post","type-post","status-publish","format-standard","hentry","category-14kzd","category-dokkzd","tag-2982","tag-7-2001","tag-kzd","tag-uchwala","tag-uchwala-kzd","tag-xiv-kzd"],"_links":{"self":[{"href":"https:\/\/www.solidarnosc.org.pl\/dok\/wp-json\/wp\/v2\/posts\/2185","targetHints":{"allow":["GET"]}}],"collection":[{"href":"https:\/\/www.solidarnosc.org.pl\/dok\/wp-json\/wp\/v2\/posts"}],"about":[{"href":"https:\/\/www.solidarnosc.org.pl\/dok\/wp-json\/wp\/v2\/types\/post"}],"author":[{"embeddable":true,"href":"https:\/\/www.solidarnosc.org.pl\/dok\/wp-json\/wp\/v2\/users\/3"}],"replies":[{"embeddable":true,"href":"https:\/\/www.solidarnosc.org.pl\/dok\/wp-json\/wp\/v2\/comments?post=2185"}],"version-history":[{"count":1,"href":"https:\/\/www.solidarnosc.org.pl\/dok\/wp-json\/wp\/v2\/posts\/2185\/revisions"}],"predecessor-version":[{"id":2187,"href":"https:\/\/www.solidarnosc.org.pl\/dok\/wp-json\/wp\/v2\/posts\/2185\/revisions\/2187"}],"wp:attachment":[{"href":"https:\/\/www.solidarnosc.org.pl\/dok\/wp-json\/wp\/v2\/media?parent=2185"}],"wp:term":[{"taxonomy":"category","embeddable":true,"href":"https:\/\/www.solidarnosc.org.pl\/dok\/wp-json\/wp\/v2\/categories?post=2185"},{"taxonomy":"post_tag","embeddable":true,"href":"https:\/\/www.solidarnosc.org.pl\/dok\/wp-json\/wp\/v2\/tags?post=2185"}],"curies":[{"name":"wp","href":"https:\/\/api.w.org\/{rel}","templated":true}]}}