{"id":2157,"date":"2000-12-02T14:25:21","date_gmt":"2000-12-02T13:25:21","guid":{"rendered":"http:\/\/www.solidarnosc.org.pl\/dok\/?p=2157"},"modified":"2012-10-05T14:26:46","modified_gmt":"2012-10-05T12:26:46","slug":"stanowisko-xiii-kzd-nr-92000-ws-zasilkow-rodzinnych-wychowawczych-oraz-zasilkow-i-swiadczen-przedemerytalnych","status":"publish","type":"post","link":"https:\/\/www.solidarnosc.org.pl\/dok\/2000\/12\/02\/stanowisko-xiii-kzd-nr-92000-ws-zasilkow-rodzinnych-wychowawczych-oraz-zasilkow-i-swiadczen-przedemerytalnych\/","title":{"rendered":"Stanowisko XIII KZD nr 9\/2000 ws. zasi\u0142k\u00f3w rodzinnych, wychowawczych oraz zasi\u0142k\u00f3w i \u015bwiadcze\u0144 przedemerytalnych"},"content":{"rendered":"<p style=\"text-align: justify;\">XIII Krajowy Zjazd Delegat\u00f3w NSZZ \u201eSolidarno\u015b\u0107\u201d wyra\u017ca zdecydowany protest wobec rz\u0105dowej propozycji zamro\u017cenia waloryzacji zasi\u0142k\u00f3w rodzinnych i wychowawczych, co obni\u017cy\u0142oby kwoty zasi\u0142k\u00f3w dla milion\u00f3w polskich dzieci.<\/p>\n<p style=\"text-align: justify;\">Protestujemy tak\u017ce przeciwko propozycji ujednolicenia zasi\u0142k\u00f3w przedemerytalnych na poziomie 130% zasi\u0142ku dla bezrobotnych. Spowodowa\u0142oby to obni\u017cenie \u015bwiadcze\u0144 dla bezrobotnych w powiatach zagro\u017conych strukturalnym bezrobociem. Zwracamy si\u0119 do parlamentarzyst\u00f3w AWS o odrzucenie propozycji rz\u0105du i zachowanie zasi\u0142k\u00f3w w dotychczasowej wysoko\u015bci.<\/p>\n<p style=\"text-align: justify;\">Zjazd zwraca si\u0119 tak\u017ce do parlamentarzyst\u00f3w zwi\u0105zkowych AWS o przygotowanie projektu nowelizacji ustawy o zatrudnieniu i przeciwdzia\u0142aniu bezrobociu, uwzgl\u0119dniaj\u0105cego przyznanie zasi\u0142ku przedemerytalnego w wysoko\u015bci 160% bez \u017cadnych warunk\u00f3w pracownikom zwalnianym z przyczyn zak\u0142adu pracy oraz bez ograniczenia zasi\u0142kobiorcom mo\u017cliwo\u015bci uzyskania dochod\u00f3w z pracy do wysoko\u015bci po\u0142owy najni\u017cszego wynagrodzenia.<\/p>\n","protected":false},"excerpt":{"rendered":"<p>XIII Krajowy Zjazd Delegat\u00f3w NSZZ \u201eSolidarno\u015b\u0107\u201d wyra\u017ca zdecydowany protest wobec rz\u0105dowej propozycji zamro\u017cenia waloryzacji zasi\u0142k\u00f3w rodzinnych i wychowawczych, co obni\u017cy\u0142oby kwoty zasi\u0142k\u00f3w dla milion\u00f3w polskich dzieci. Protestujemy tak\u017ce przeciwko propozycji ujednolicenia zasi\u0142k\u00f3w przedemerytalnych na poziomie 130% zasi\u0142ku dla bezrobotnych. Spowodowa\u0142oby to obni\u017cenie \u015bwiadcze\u0144 dla bezrobotnych w powiatach zagro\u017conych strukturalnym bezrobociem. Zwracamy si\u0119 do parlamentarzyst\u00f3w AWS [&hellip;]<\/p>\n","protected":false},"author":3,"featured_media":0,"comment_status":"closed","ping_status":"closed","sticky":false,"template":"","format":"standard","meta":{"footnotes":""},"categories":[31,16],"tags":[2968,2980,2636,63,2661,2971],"class_list":["post-2157","post","type-post","status-publish","format-standard","hentry","category-13kzd","category-dokkzd","tag-2968","tag-9-2000","tag-kzd","tag-stanowisko","tag-stanowisko-kzd","tag-xiii-kzd"],"_links":{"self":[{"href":"https:\/\/www.solidarnosc.org.pl\/dok\/wp-json\/wp\/v2\/posts\/2157","targetHints":{"allow":["GET"]}}],"collection":[{"href":"https:\/\/www.solidarnosc.org.pl\/dok\/wp-json\/wp\/v2\/posts"}],"about":[{"href":"https:\/\/www.solidarnosc.org.pl\/dok\/wp-json\/wp\/v2\/types\/post"}],"author":[{"embeddable":true,"href":"https:\/\/www.solidarnosc.org.pl\/dok\/wp-json\/wp\/v2\/users\/3"}],"replies":[{"embeddable":true,"href":"https:\/\/www.solidarnosc.org.pl\/dok\/wp-json\/wp\/v2\/comments?post=2157"}],"version-history":[{"count":1,"href":"https:\/\/www.solidarnosc.org.pl\/dok\/wp-json\/wp\/v2\/posts\/2157\/revisions"}],"predecessor-version":[{"id":2159,"href":"https:\/\/www.solidarnosc.org.pl\/dok\/wp-json\/wp\/v2\/posts\/2157\/revisions\/2159"}],"wp:attachment":[{"href":"https:\/\/www.solidarnosc.org.pl\/dok\/wp-json\/wp\/v2\/media?parent=2157"}],"wp:term":[{"taxonomy":"category","embeddable":true,"href":"https:\/\/www.solidarnosc.org.pl\/dok\/wp-json\/wp\/v2\/categories?post=2157"},{"taxonomy":"post_tag","embeddable":true,"href":"https:\/\/www.solidarnosc.org.pl\/dok\/wp-json\/wp\/v2\/tags?post=2157"}],"curies":[{"name":"wp","href":"https:\/\/api.w.org\/{rel}","templated":true}]}}