{"id":2148,"date":"2000-12-02T14:20:35","date_gmt":"2000-12-02T13:20:35","guid":{"rendered":"http:\/\/www.solidarnosc.org.pl\/dok\/?p=2148"},"modified":"2012-10-05T14:22:02","modified_gmt":"2012-10-05T12:22:02","slug":"stanowisko-xiii-kzd-nr-62000-ws-projektu-zmiany-ustawy-karta-nauczyciela","status":"publish","type":"post","link":"https:\/\/www.solidarnosc.org.pl\/dok\/2000\/12\/02\/stanowisko-xiii-kzd-nr-62000-ws-projektu-zmiany-ustawy-karta-nauczyciela\/","title":{"rendered":"Stanowisko XIII KZD nr 6\/2000 ws. projektu zmiany ustawy Karta Nauczyciela"},"content":{"rendered":"<p style=\"text-align: justify;\">XIII Krajowy Zjazd Delegat\u00f3w NSZZ \u201eSolidarno\u015b\u0107\u201d sprzeciwia si\u0119 rz\u0105dowemu projektowi\u00a0 zmiany art. 30 ustawy Karta Nauczyciela i wzywa parlamentarzyst\u00f3w zwi\u0105zkowych AWS do odrzucenia tego projektu, aby umo\u017cliwi\u0107 kontynuowanie zaplanowanej na lata 2000 &#8211; 2002 reformy wynagrodze\u0144 nauczycieli.<\/p>\n","protected":false},"excerpt":{"rendered":"<p>XIII Krajowy Zjazd Delegat\u00f3w NSZZ \u201eSolidarno\u015b\u0107\u201d sprzeciwia si\u0119 rz\u0105dowemu projektowi\u00a0 zmiany art. 30 ustawy Karta Nauczyciela i wzywa parlamentarzyst\u00f3w zwi\u0105zkowych AWS do odrzucenia tego projektu, aby umo\u017cliwi\u0107 kontynuowanie zaplanowanej na lata 2000 &#8211; 2002 reformy wynagrodze\u0144 nauczycieli.<\/p>\n","protected":false},"author":3,"featured_media":0,"comment_status":"closed","ping_status":"closed","sticky":false,"template":"","format":"standard","meta":{"footnotes":""},"categories":[31,16],"tags":[2968,2977,2636,63,2661,2971],"class_list":["post-2148","post","type-post","status-publish","format-standard","hentry","category-13kzd","category-dokkzd","tag-2968","tag-6-2000","tag-kzd","tag-stanowisko","tag-stanowisko-kzd","tag-xiii-kzd"],"_links":{"self":[{"href":"https:\/\/www.solidarnosc.org.pl\/dok\/wp-json\/wp\/v2\/posts\/2148","targetHints":{"allow":["GET"]}}],"collection":[{"href":"https:\/\/www.solidarnosc.org.pl\/dok\/wp-json\/wp\/v2\/posts"}],"about":[{"href":"https:\/\/www.solidarnosc.org.pl\/dok\/wp-json\/wp\/v2\/types\/post"}],"author":[{"embeddable":true,"href":"https:\/\/www.solidarnosc.org.pl\/dok\/wp-json\/wp\/v2\/users\/3"}],"replies":[{"embeddable":true,"href":"https:\/\/www.solidarnosc.org.pl\/dok\/wp-json\/wp\/v2\/comments?post=2148"}],"version-history":[{"count":1,"href":"https:\/\/www.solidarnosc.org.pl\/dok\/wp-json\/wp\/v2\/posts\/2148\/revisions"}],"predecessor-version":[{"id":2150,"href":"https:\/\/www.solidarnosc.org.pl\/dok\/wp-json\/wp\/v2\/posts\/2148\/revisions\/2150"}],"wp:attachment":[{"href":"https:\/\/www.solidarnosc.org.pl\/dok\/wp-json\/wp\/v2\/media?parent=2148"}],"wp:term":[{"taxonomy":"category","embeddable":true,"href":"https:\/\/www.solidarnosc.org.pl\/dok\/wp-json\/wp\/v2\/categories?post=2148"},{"taxonomy":"post_tag","embeddable":true,"href":"https:\/\/www.solidarnosc.org.pl\/dok\/wp-json\/wp\/v2\/tags?post=2148"}],"curies":[{"name":"wp","href":"https:\/\/api.w.org\/{rel}","templated":true}]}}