{"id":2083,"date":"1999-12-11T13:18:07","date_gmt":"1999-12-11T12:18:07","guid":{"rendered":"http:\/\/www.solidarnosc.org.pl\/dok\/?p=2083"},"modified":"2012-10-05T13:19:09","modified_gmt":"2012-10-05T11:19:09","slug":"stanowisko-xi-kzd-nr-201999-ws-stazu-pracy-zaliczanego-do-swiadczen-przedemerytalnych","status":"publish","type":"post","link":"https:\/\/www.solidarnosc.org.pl\/dok\/1999\/12\/11\/stanowisko-xi-kzd-nr-201999-ws-stazu-pracy-zaliczanego-do-swiadczen-przedemerytalnych\/","title":{"rendered":"Stanowisko XI KZD nr 20\/1999 ws. sta\u017cu pracy zaliczanego do \u015bwiadcze\u0144 przedemerytalnych"},"content":{"rendered":"<p style=\"text-align: justify;\">XI Krajowy Zjazd Delegat\u00f3w NSZZ \u201eSolidarno\u015b\u0107\u201d\u00a0 zwraca si\u0119 do Komisji Krajowej i Parlamentarzyst\u00f3w AWS o podj\u0119cie dzia\u0142a\u0144 w celu zaliczenia czasu nauki kszta\u0142c\u0105cych si\u0119 zawodowo uczni\u00f3w do sta\u017cu pracy jako okresu niesk\u0142adkowego.<\/p>\n<p style=\"text-align: justify;\">KZD uwa\u017ca, \u017ce przeprowadzana restrukturyzacja zatrudnienia w wielu przedsi\u0119biorstwach prowadzi do masowych zwolnie\u0144 pracownik\u00f3w, przy czym pracownicy<br \/>\no tych samych kwalifikacjach, o jednakowym sta\u017cu, maj\u0105 r\u00f3\u017cne prawa do zasi\u0142k\u00f3w<br \/>\ni \u015bwiadcze\u0144 przedemerytalnych w zale\u017cno\u015bci od rodzaju uko\u0144czonej szko\u0142y.<\/p>\n","protected":false},"excerpt":{"rendered":"<p>XI Krajowy Zjazd Delegat\u00f3w NSZZ \u201eSolidarno\u015b\u0107\u201d\u00a0 zwraca si\u0119 do Komisji Krajowej i Parlamentarzyst\u00f3w AWS o podj\u0119cie dzia\u0142a\u0144 w celu zaliczenia czasu nauki kszta\u0142c\u0105cych si\u0119 zawodowo uczni\u00f3w do sta\u017cu pracy jako okresu niesk\u0142adkowego. KZD uwa\u017ca, \u017ce przeprowadzana restrukturyzacja zatrudnienia w wielu przedsi\u0119biorstwach prowadzi do masowych zwolnie\u0144 pracownik\u00f3w, przy czym pracownicy o tych samych kwalifikacjach, o jednakowym [&hellip;]<\/p>\n","protected":false},"author":3,"featured_media":0,"comment_status":"closed","ping_status":"closed","sticky":false,"template":"","format":"standard","meta":{"footnotes":""},"categories":[29,16],"tags":[2945,2967,2636,63,2661,2946],"class_list":["post-2083","post","type-post","status-publish","format-standard","hentry","category-11kzd","category-dokkzd","tag-2945","tag-20-1999","tag-kzd","tag-stanowisko","tag-stanowisko-kzd","tag-xi-kzd"],"_links":{"self":[{"href":"https:\/\/www.solidarnosc.org.pl\/dok\/wp-json\/wp\/v2\/posts\/2083","targetHints":{"allow":["GET"]}}],"collection":[{"href":"https:\/\/www.solidarnosc.org.pl\/dok\/wp-json\/wp\/v2\/posts"}],"about":[{"href":"https:\/\/www.solidarnosc.org.pl\/dok\/wp-json\/wp\/v2\/types\/post"}],"author":[{"embeddable":true,"href":"https:\/\/www.solidarnosc.org.pl\/dok\/wp-json\/wp\/v2\/users\/3"}],"replies":[{"embeddable":true,"href":"https:\/\/www.solidarnosc.org.pl\/dok\/wp-json\/wp\/v2\/comments?post=2083"}],"version-history":[{"count":1,"href":"https:\/\/www.solidarnosc.org.pl\/dok\/wp-json\/wp\/v2\/posts\/2083\/revisions"}],"predecessor-version":[{"id":2085,"href":"https:\/\/www.solidarnosc.org.pl\/dok\/wp-json\/wp\/v2\/posts\/2083\/revisions\/2085"}],"wp:attachment":[{"href":"https:\/\/www.solidarnosc.org.pl\/dok\/wp-json\/wp\/v2\/media?parent=2083"}],"wp:term":[{"taxonomy":"category","embeddable":true,"href":"https:\/\/www.solidarnosc.org.pl\/dok\/wp-json\/wp\/v2\/categories?post=2083"},{"taxonomy":"post_tag","embeddable":true,"href":"https:\/\/www.solidarnosc.org.pl\/dok\/wp-json\/wp\/v2\/tags?post=2083"}],"curies":[{"name":"wp","href":"https:\/\/api.w.org\/{rel}","templated":true}]}}