{"id":2077,"date":"1999-12-11T13:15:00","date_gmt":"1999-12-11T12:15:00","guid":{"rendered":"http:\/\/www.solidarnosc.org.pl\/dok\/?p=2077"},"modified":"2012-10-05T13:16:16","modified_gmt":"2012-10-05T11:16:16","slug":"stanowisko-xi-kzd-nr-181999-ws-wydarzen-grudniowych-i-rocznicy-wprowadzenia-stanu-wojennego","status":"publish","type":"post","link":"https:\/\/www.solidarnosc.org.pl\/dok\/1999\/12\/11\/stanowisko-xi-kzd-nr-181999-ws-wydarzen-grudniowych-i-rocznicy-wprowadzenia-stanu-wojennego\/","title":{"rendered":"Stanowisko XI KZD nr 18\/1999 ws. wydarze\u0144 grudniowych i rocznicy wprowadzenia stanu wojennego"},"content":{"rendered":"<p style=\"text-align: justify;\">Mija kolejna rocznica tragicznych wydarze\u0144 grudnia roku 1970 oraz 18. rocznica wprowadzenia stanu wojennego.<\/p>\n<p style=\"text-align: justify;\">Przedstawiciele \u00f3wczesnej w\u0142adzy komunistycznej wydali rozkaz strzelania<br \/>\ndo robotnik\u00f3w Wybrze\u017ca, \u015al\u0105ska, Lubina, Nowej Huty, kt\u00f3rzy walczyli w obronie swoich miejsc pracy, godnej p\u0142acy i wolnej Polski.<\/p>\n<p style=\"text-align: justify;\">Do dnia dzisiejszego nie os\u0105dzono winnych za masakr\u0119 robotnik\u00f3w na Wybrze\u017cu w Grudniu 1970 roku.<\/p>\n<p style=\"text-align: justify;\">Niezrozumia\u0142ym dla nas faktem s\u0105 tocz\u0105ce si\u0119 w niesko\u0144czono\u015b\u0107 procesy winnych za tragedi\u0119 na kopalni \u201eWujek\u201d, jak r\u00f3wnie\u017c milicjant\u00f3w odpowiedzialnych za \u015bmier\u0107 protestuj\u0105cych mieszka\u0144c\u00f3w Lubina.<\/p>\n<p style=\"text-align: justify;\">XI Krajowy Zjazd Delegat\u00f3w NSZZ \u201eSolidarno\u015b\u0107\u201d\u00a0 zwraca si\u0119 do S\u0105du Wojew\u00f3dzkiego w Katowicach i Wroc\u0142awiu o do\u0142o\u017cenie wszelkich stara\u0144, aby procesy te zosta\u0142y zako\u0144czone, a winni ukarani.<\/p>\n<p style=\"text-align: justify;\">XI KZD uwa\u017ca, \u017ce obowi\u0105zkiem nas wszystkich jest zachowanie pami\u0119ci<br \/>\no ludziach, kt\u00f3rzy ponie\u015bli najwy\u017csz\u0105 ofiar\u0119. To dzi\u0119ki Nim \u017cyjemy dzisiaj w wolnej, demokratycznej Polsce.<\/p>\n","protected":false},"excerpt":{"rendered":"<p>Mija kolejna rocznica tragicznych wydarze\u0144 grudnia roku 1970 oraz 18. rocznica wprowadzenia stanu wojennego. Przedstawiciele \u00f3wczesnej w\u0142adzy komunistycznej wydali rozkaz strzelania do robotnik\u00f3w Wybrze\u017ca, \u015al\u0105ska, Lubina, Nowej Huty, kt\u00f3rzy walczyli w obronie swoich miejsc pracy, godnej p\u0142acy i wolnej Polski. Do dnia dzisiejszego nie os\u0105dzono winnych za masakr\u0119 robotnik\u00f3w na Wybrze\u017cu w Grudniu 1970 roku. [&hellip;]<\/p>\n","protected":false},"author":3,"featured_media":0,"comment_status":"closed","ping_status":"closed","sticky":false,"template":"","format":"standard","meta":{"footnotes":""},"categories":[29,16],"tags":[2964,2945,2636,63,2661,2946],"class_list":["post-2077","post","type-post","status-publish","format-standard","hentry","category-11kzd","category-dokkzd","tag-18-1999","tag-2945","tag-kzd","tag-stanowisko","tag-stanowisko-kzd","tag-xi-kzd"],"_links":{"self":[{"href":"https:\/\/www.solidarnosc.org.pl\/dok\/wp-json\/wp\/v2\/posts\/2077","targetHints":{"allow":["GET"]}}],"collection":[{"href":"https:\/\/www.solidarnosc.org.pl\/dok\/wp-json\/wp\/v2\/posts"}],"about":[{"href":"https:\/\/www.solidarnosc.org.pl\/dok\/wp-json\/wp\/v2\/types\/post"}],"author":[{"embeddable":true,"href":"https:\/\/www.solidarnosc.org.pl\/dok\/wp-json\/wp\/v2\/users\/3"}],"replies":[{"embeddable":true,"href":"https:\/\/www.solidarnosc.org.pl\/dok\/wp-json\/wp\/v2\/comments?post=2077"}],"version-history":[{"count":1,"href":"https:\/\/www.solidarnosc.org.pl\/dok\/wp-json\/wp\/v2\/posts\/2077\/revisions"}],"predecessor-version":[{"id":2079,"href":"https:\/\/www.solidarnosc.org.pl\/dok\/wp-json\/wp\/v2\/posts\/2077\/revisions\/2079"}],"wp:attachment":[{"href":"https:\/\/www.solidarnosc.org.pl\/dok\/wp-json\/wp\/v2\/media?parent=2077"}],"wp:term":[{"taxonomy":"category","embeddable":true,"href":"https:\/\/www.solidarnosc.org.pl\/dok\/wp-json\/wp\/v2\/categories?post=2077"},{"taxonomy":"post_tag","embeddable":true,"href":"https:\/\/www.solidarnosc.org.pl\/dok\/wp-json\/wp\/v2\/tags?post=2077"}],"curies":[{"name":"wp","href":"https:\/\/api.w.org\/{rel}","templated":true}]}}