{"id":2050,"date":"1999-12-11T13:00:55","date_gmt":"1999-12-11T12:00:55","guid":{"rendered":"http:\/\/www.solidarnosc.org.pl\/dok\/?p=2050"},"modified":"2012-10-05T13:02:13","modified_gmt":"2012-10-05T11:02:13","slug":"stanowisko-xi-kzd-nr-91999-ws-podleglosci-urzedow-pracy","status":"publish","type":"post","link":"https:\/\/www.solidarnosc.org.pl\/dok\/1999\/12\/11\/stanowisko-xi-kzd-nr-91999-ws-podleglosci-urzedow-pracy\/","title":{"rendered":"Stanowisko XI KZD nr 9\/1999 ws. podleg\u0142o\u015bci urz\u0119d\u00f3w pracy"},"content":{"rendered":"<p style=\"text-align: justify;\">XI Krajowy Zjazd Delegat\u00f3w NSZZ \u201eSolidarno\u015b\u0107\u201d\u00a0 stwierdza, \u017ce system urz\u0119d\u00f3w pracy powinien &#8211; jako rz\u0105dowa administracja specjalna &#8211; pozosta\u0107 w kompetencji Ministerstwa Pracy i Polityki Spo\u0142ecznej.<\/p>\n","protected":false},"excerpt":{"rendered":"<p>XI Krajowy Zjazd Delegat\u00f3w NSZZ \u201eSolidarno\u015b\u0107\u201d\u00a0 stwierdza, \u017ce system urz\u0119d\u00f3w pracy powinien &#8211; jako rz\u0105dowa administracja specjalna &#8211; pozosta\u0107 w kompetencji Ministerstwa Pracy i Polityki Spo\u0142ecznej.<\/p>\n","protected":false},"author":3,"featured_media":0,"comment_status":"closed","ping_status":"closed","sticky":false,"template":"","format":"standard","meta":{"footnotes":""},"categories":[29,16],"tags":[2945,2955,2636,63,2661,2946],"class_list":["post-2050","post","type-post","status-publish","format-standard","hentry","category-11kzd","category-dokkzd","tag-2945","tag-9-1999","tag-kzd","tag-stanowisko","tag-stanowisko-kzd","tag-xi-kzd"],"_links":{"self":[{"href":"https:\/\/www.solidarnosc.org.pl\/dok\/wp-json\/wp\/v2\/posts\/2050","targetHints":{"allow":["GET"]}}],"collection":[{"href":"https:\/\/www.solidarnosc.org.pl\/dok\/wp-json\/wp\/v2\/posts"}],"about":[{"href":"https:\/\/www.solidarnosc.org.pl\/dok\/wp-json\/wp\/v2\/types\/post"}],"author":[{"embeddable":true,"href":"https:\/\/www.solidarnosc.org.pl\/dok\/wp-json\/wp\/v2\/users\/3"}],"replies":[{"embeddable":true,"href":"https:\/\/www.solidarnosc.org.pl\/dok\/wp-json\/wp\/v2\/comments?post=2050"}],"version-history":[{"count":1,"href":"https:\/\/www.solidarnosc.org.pl\/dok\/wp-json\/wp\/v2\/posts\/2050\/revisions"}],"predecessor-version":[{"id":2052,"href":"https:\/\/www.solidarnosc.org.pl\/dok\/wp-json\/wp\/v2\/posts\/2050\/revisions\/2052"}],"wp:attachment":[{"href":"https:\/\/www.solidarnosc.org.pl\/dok\/wp-json\/wp\/v2\/media?parent=2050"}],"wp:term":[{"taxonomy":"category","embeddable":true,"href":"https:\/\/www.solidarnosc.org.pl\/dok\/wp-json\/wp\/v2\/categories?post=2050"},{"taxonomy":"post_tag","embeddable":true,"href":"https:\/\/www.solidarnosc.org.pl\/dok\/wp-json\/wp\/v2\/tags?post=2050"}],"curies":[{"name":"wp","href":"https:\/\/api.w.org\/{rel}","templated":true}]}}