{"id":2038,"date":"1999-12-11T12:54:32","date_gmt":"1999-12-11T11:54:32","guid":{"rendered":"http:\/\/www.solidarnosc.org.pl\/dok\/?p=2038"},"modified":"2012-10-05T12:55:38","modified_gmt":"2012-10-05T10:55:38","slug":"stanowisko-xi-kzd-nr-51999-ws-powszechnego-uwlaszczenia","status":"publish","type":"post","link":"https:\/\/www.solidarnosc.org.pl\/dok\/1999\/12\/11\/stanowisko-xi-kzd-nr-51999-ws-powszechnego-uwlaszczenia\/","title":{"rendered":"Stanowisko XI KZD nr 5\/1999 ws. powszechnego uw\u0142aszczenia"},"content":{"rendered":"<p style=\"text-align: justify;\">XI Krajowy Zjazd Delegat\u00f3w NSZZ \u201eSolidarno\u015b\u0107\u201d domaga si\u0119 zrealizowania programu powszechnego uw\u0142aszczenia obywateli Rzeczypospolitej Polskiej zgodnie ze sformu\u0142owanym przez NSZZ \u201eSolidarno\u015b\u0107\u201d programem, kt\u00f3ry sta\u0142 si\u0119 fundamentem Akcji Wyborczej Solidarno\u015b\u0107.<\/p>\n","protected":false},"excerpt":{"rendered":"<p>XI Krajowy Zjazd Delegat\u00f3w NSZZ \u201eSolidarno\u015b\u0107\u201d domaga si\u0119 zrealizowania programu powszechnego uw\u0142aszczenia obywateli Rzeczypospolitej Polskiej zgodnie ze sformu\u0142owanym przez NSZZ \u201eSolidarno\u015b\u0107\u201d programem, kt\u00f3ry sta\u0142 si\u0119 fundamentem Akcji Wyborczej Solidarno\u015b\u0107.<\/p>\n","protected":false},"author":3,"featured_media":0,"comment_status":"closed","ping_status":"closed","sticky":false,"template":"","format":"standard","meta":{"footnotes":""},"categories":[29,16],"tags":[2945,2951,2636,63,2661,2946],"class_list":["post-2038","post","type-post","status-publish","format-standard","hentry","category-11kzd","category-dokkzd","tag-2945","tag-5-1999","tag-kzd","tag-stanowisko","tag-stanowisko-kzd","tag-xi-kzd"],"_links":{"self":[{"href":"https:\/\/www.solidarnosc.org.pl\/dok\/wp-json\/wp\/v2\/posts\/2038","targetHints":{"allow":["GET"]}}],"collection":[{"href":"https:\/\/www.solidarnosc.org.pl\/dok\/wp-json\/wp\/v2\/posts"}],"about":[{"href":"https:\/\/www.solidarnosc.org.pl\/dok\/wp-json\/wp\/v2\/types\/post"}],"author":[{"embeddable":true,"href":"https:\/\/www.solidarnosc.org.pl\/dok\/wp-json\/wp\/v2\/users\/3"}],"replies":[{"embeddable":true,"href":"https:\/\/www.solidarnosc.org.pl\/dok\/wp-json\/wp\/v2\/comments?post=2038"}],"version-history":[{"count":1,"href":"https:\/\/www.solidarnosc.org.pl\/dok\/wp-json\/wp\/v2\/posts\/2038\/revisions"}],"predecessor-version":[{"id":2040,"href":"https:\/\/www.solidarnosc.org.pl\/dok\/wp-json\/wp\/v2\/posts\/2038\/revisions\/2040"}],"wp:attachment":[{"href":"https:\/\/www.solidarnosc.org.pl\/dok\/wp-json\/wp\/v2\/media?parent=2038"}],"wp:term":[{"taxonomy":"category","embeddable":true,"href":"https:\/\/www.solidarnosc.org.pl\/dok\/wp-json\/wp\/v2\/categories?post=2038"},{"taxonomy":"post_tag","embeddable":true,"href":"https:\/\/www.solidarnosc.org.pl\/dok\/wp-json\/wp\/v2\/tags?post=2038"}],"curies":[{"name":"wp","href":"https:\/\/api.w.org\/{rel}","templated":true}]}}