{"id":2011,"date":"1999-12-11T12:41:05","date_gmt":"1999-12-11T11:41:05","guid":{"rendered":"http:\/\/www.solidarnosc.org.pl\/dok\/?p=2011"},"modified":"2012-10-05T12:42:15","modified_gmt":"2012-10-05T10:42:15","slug":"apel-xi-kzd-nr-31999-ws-skladki-na-ubezpieczenia-zdrowotne","status":"publish","type":"post","link":"https:\/\/www.solidarnosc.org.pl\/dok\/1999\/12\/11\/apel-xi-kzd-nr-31999-ws-skladki-na-ubezpieczenia-zdrowotne\/","title":{"rendered":"Apel XI KZD nr 3\/1999 ws. sk\u0142adki na ubezpieczenia zdrowotne"},"content":{"rendered":"<p style=\"text-align: justify;\">XI Krajowy Zjazd Delegat\u00f3w NSZZ \u201eSolidarno\u015b\u0107\u201d\u00a0 apeluje do parlamentarzyst\u00f3w AWS o uchwalenie zwi\u0119kszenia sk\u0142adki na ubezpieczenia zdrowotne w roku 2000 do wysoko\u015bci co najmniej 9% podstawy wymiaru sk\u0142adki.<\/p>\n","protected":false},"excerpt":{"rendered":"<p>XI Krajowy Zjazd Delegat\u00f3w NSZZ \u201eSolidarno\u015b\u0107\u201d\u00a0 apeluje do parlamentarzyst\u00f3w AWS o uchwalenie zwi\u0119kszenia sk\u0142adki na ubezpieczenia zdrowotne w roku 2000 do wysoko\u015bci co najmniej 9% podstawy wymiaru sk\u0142adki.<\/p>\n","protected":false},"author":3,"featured_media":0,"comment_status":"closed","ping_status":"closed","sticky":false,"template":"","format":"standard","meta":{"footnotes":""},"categories":[29,16],"tags":[2945,2949,64,2832,2636,2946],"class_list":["post-2011","post","type-post","status-publish","format-standard","hentry","category-11kzd","category-dokkzd","tag-2945","tag-3-1999","tag-apel","tag-apel-kzd","tag-kzd","tag-xi-kzd"],"_links":{"self":[{"href":"https:\/\/www.solidarnosc.org.pl\/dok\/wp-json\/wp\/v2\/posts\/2011","targetHints":{"allow":["GET"]}}],"collection":[{"href":"https:\/\/www.solidarnosc.org.pl\/dok\/wp-json\/wp\/v2\/posts"}],"about":[{"href":"https:\/\/www.solidarnosc.org.pl\/dok\/wp-json\/wp\/v2\/types\/post"}],"author":[{"embeddable":true,"href":"https:\/\/www.solidarnosc.org.pl\/dok\/wp-json\/wp\/v2\/users\/3"}],"replies":[{"embeddable":true,"href":"https:\/\/www.solidarnosc.org.pl\/dok\/wp-json\/wp\/v2\/comments?post=2011"}],"version-history":[{"count":1,"href":"https:\/\/www.solidarnosc.org.pl\/dok\/wp-json\/wp\/v2\/posts\/2011\/revisions"}],"predecessor-version":[{"id":2013,"href":"https:\/\/www.solidarnosc.org.pl\/dok\/wp-json\/wp\/v2\/posts\/2011\/revisions\/2013"}],"wp:attachment":[{"href":"https:\/\/www.solidarnosc.org.pl\/dok\/wp-json\/wp\/v2\/media?parent=2011"}],"wp:term":[{"taxonomy":"category","embeddable":true,"href":"https:\/\/www.solidarnosc.org.pl\/dok\/wp-json\/wp\/v2\/categories?post=2011"},{"taxonomy":"post_tag","embeddable":true,"href":"https:\/\/www.solidarnosc.org.pl\/dok\/wp-json\/wp\/v2\/tags?post=2011"}],"curies":[{"name":"wp","href":"https:\/\/api.w.org\/{rel}","templated":true}]}}