{"id":2004,"date":"1999-12-11T12:37:48","date_gmt":"1999-12-11T11:37:48","guid":{"rendered":"http:\/\/www.solidarnosc.org.pl\/dok\/?p=2004"},"modified":"2012-10-05T12:39:23","modified_gmt":"2012-10-05T10:39:23","slug":"apel-xi-kzd-nr-11999-ws-wojny-w-czeczenii","status":"publish","type":"post","link":"https:\/\/www.solidarnosc.org.pl\/dok\/1999\/12\/11\/apel-xi-kzd-nr-11999-ws-wojny-w-czeczenii\/","title":{"rendered":"Apel XI KZD nr 1\/1999 ws. wojny w Czeczenii"},"content":{"rendered":"<p style=\"text-align: justify;\">XI Krajowy Zjazd Delegat\u00f3w NSZZ \u201eSolidarno\u015b\u0107\u201d\u00a0 przekazuje walcz\u0105cemu o niepodleg\u0142o\u015b\u0107 narodowi czecze\u0144skiemu wyrazy solidarno\u015bci i duchowego poparcia.<br \/>\nMy,\u00a0 Polacy, dobrze wiemy, jak trudno wybi\u0107 si\u0119 na niepodleg\u0142o\u015b\u0107. Wiemy r\u00f3wnie\u017c,<br \/>\n\u017ce w takiej walce jak\u017ce cz\u0119sto ma si\u0119 uzasadnione poczucie osamotnienia. Dzisiaj, w obliczu ludob\u00f3jstwa dokonywanego przez wojska rosyjskie na Waszym dzielnym narodzie, apelujemy do Rz\u0105d\u00f3w i Narod\u00f3w o podj\u0119cie wszelkich mo\u017cliwych stara\u0144 maj\u0105cych na celu przerwanie dzia\u0142a\u0144 wojennych i umo\u017cliwienie powrotu uchod\u017ac\u00f3w do ich ojczyzny.<\/p>\n","protected":false},"excerpt":{"rendered":"<p>XI Krajowy Zjazd Delegat\u00f3w NSZZ \u201eSolidarno\u015b\u0107\u201d\u00a0 przekazuje walcz\u0105cemu o niepodleg\u0142o\u015b\u0107 narodowi czecze\u0144skiemu wyrazy solidarno\u015bci i duchowego poparcia. My,\u00a0 Polacy, dobrze wiemy, jak trudno wybi\u0107 si\u0119 na niepodleg\u0142o\u015b\u0107. Wiemy r\u00f3wnie\u017c, \u017ce w takiej walce jak\u017ce cz\u0119sto ma si\u0119 uzasadnione poczucie osamotnienia. Dzisiaj, w obliczu ludob\u00f3jstwa dokonywanego przez wojska rosyjskie na Waszym dzielnym narodzie, apelujemy do Rz\u0105d\u00f3w [&hellip;]<\/p>\n","protected":false},"author":3,"featured_media":0,"comment_status":"closed","ping_status":"closed","sticky":false,"template":"","format":"standard","meta":{"footnotes":""},"categories":[29,16],"tags":[2947,2945,64,2832,2636,2946],"class_list":["post-2004","post","type-post","status-publish","format-standard","hentry","category-11kzd","category-dokkzd","tag-1-1999","tag-2945","tag-apel","tag-apel-kzd","tag-kzd","tag-xi-kzd"],"_links":{"self":[{"href":"https:\/\/www.solidarnosc.org.pl\/dok\/wp-json\/wp\/v2\/posts\/2004","targetHints":{"allow":["GET"]}}],"collection":[{"href":"https:\/\/www.solidarnosc.org.pl\/dok\/wp-json\/wp\/v2\/posts"}],"about":[{"href":"https:\/\/www.solidarnosc.org.pl\/dok\/wp-json\/wp\/v2\/types\/post"}],"author":[{"embeddable":true,"href":"https:\/\/www.solidarnosc.org.pl\/dok\/wp-json\/wp\/v2\/users\/3"}],"replies":[{"embeddable":true,"href":"https:\/\/www.solidarnosc.org.pl\/dok\/wp-json\/wp\/v2\/comments?post=2004"}],"version-history":[{"count":1,"href":"https:\/\/www.solidarnosc.org.pl\/dok\/wp-json\/wp\/v2\/posts\/2004\/revisions"}],"predecessor-version":[{"id":2007,"href":"https:\/\/www.solidarnosc.org.pl\/dok\/wp-json\/wp\/v2\/posts\/2004\/revisions\/2007"}],"wp:attachment":[{"href":"https:\/\/www.solidarnosc.org.pl\/dok\/wp-json\/wp\/v2\/media?parent=2004"}],"wp:term":[{"taxonomy":"category","embeddable":true,"href":"https:\/\/www.solidarnosc.org.pl\/dok\/wp-json\/wp\/v2\/categories?post=2004"},{"taxonomy":"post_tag","embeddable":true,"href":"https:\/\/www.solidarnosc.org.pl\/dok\/wp-json\/wp\/v2\/tags?post=2004"}],"curies":[{"name":"wp","href":"https:\/\/api.w.org\/{rel}","templated":true}]}}