{"id":1891,"date":"1998-09-26T11:06:10","date_gmt":"1998-09-26T09:06:10","guid":{"rendered":"http:\/\/www.solidarnosc.org.pl\/dok\/?p=1891"},"modified":"2012-10-05T11:07:31","modified_gmt":"2012-10-05T09:07:31","slug":"uchwala-nr-131998-x-kzd-ws-zmiany-zasad-waloryzacji-rent-i-emerytur","status":"publish","type":"post","link":"https:\/\/www.solidarnosc.org.pl\/dok\/1998\/09\/26\/uchwala-nr-131998-x-kzd-ws-zmiany-zasad-waloryzacji-rent-i-emerytur\/","title":{"rendered":"Uchwa\u0142a nr 13\/1998 X KZD ws. zmiany zasad waloryzacji rent i emerytur"},"content":{"rendered":"<p style=\"text-align: justify;\">Krajowy \u00a0Zjazd \u00a0Delegat\u00f3w \u00a0NSZZ \u00a0&#8222;Solidarno\u015b\u0107&#8221; \u00a0zobowi\u0105zuje Komisj\u0119 \u00a0Krajow\u0105 \u00a0i parlamentarzyst\u00f3w Akcji Wyborczej Solidarno\u015b\u0107 wywodz\u0105cych si\u0119 z NSZZ &#8222;Solidarno\u015b\u0107&#8221; do podj\u0119cia dzia\u0142a\u0144 maj\u0105cych na celu zmian\u0119 ustawy o \u00a0waloryzacji \u00a0rent \u00a0i \u00a0emerytur w taki spos\u00f3b, aby \u015bwiadczenia najni\u017csze \u00a0i \u00a0niskie \u00a0by\u0142y \u00a0waloryzowane w spos\u00f3b korzystniejszy ni\u017c wed\u0142ug obowi\u0105zuj\u0105cych obecnie uregulowa\u0144.<\/p>\n<p style=\"text-align: justify;\">\u00a0\u00a0\u00a0\u00a0 \u00a0\u00a0\u00a0\u00a0\u00a0\u00a0 Jednocze\u015bnie \u00a0Krajowy \u00a0Zjazd \u00a0Delegat\u00f3w stoi na stanowisku, \u017ce jest sprzeczne z zasad\u0105 sprawiedliwo\u015bci spo\u0142ecznej utrzymanie wysokich emerytur tym, kt\u00f3rzy swoimi dzia\u0142aniami przyczynili si\u0119 do zniewalania naszego pa\u0144stwa i pozbawiania obywateli ich praw.<\/p>\n","protected":false},"excerpt":{"rendered":"<p>Krajowy \u00a0Zjazd \u00a0Delegat\u00f3w \u00a0NSZZ \u00a0&#8222;Solidarno\u015b\u0107&#8221; \u00a0zobowi\u0105zuje Komisj\u0119 \u00a0Krajow\u0105 \u00a0i parlamentarzyst\u00f3w Akcji Wyborczej Solidarno\u015b\u0107 wywodz\u0105cych si\u0119 z NSZZ &#8222;Solidarno\u015b\u0107&#8221; do podj\u0119cia dzia\u0142a\u0144 maj\u0105cych na celu zmian\u0119 ustawy o \u00a0waloryzacji \u00a0rent \u00a0i \u00a0emerytur w taki spos\u00f3b, aby \u015bwiadczenia najni\u017csze \u00a0i \u00a0niskie \u00a0by\u0142y \u00a0waloryzowane w spos\u00f3b korzystniejszy ni\u017c wed\u0142ug obowi\u0105zuj\u0105cych obecnie uregulowa\u0144. \u00a0\u00a0\u00a0\u00a0 \u00a0\u00a0\u00a0\u00a0\u00a0\u00a0 Jednocze\u015bnie \u00a0Krajowy \u00a0Zjazd \u00a0Delegat\u00f3w [&hellip;]<\/p>\n","protected":false},"author":3,"featured_media":0,"comment_status":"closed","ping_status":"closed","sticky":false,"template":"","format":"standard","meta":{"footnotes":""},"categories":[28,16],"tags":[2942,2928,2636,62,2638,2929],"class_list":["post-1891","post","type-post","status-publish","format-standard","hentry","category-10kzd","category-dokkzd","tag-13-1998","tag-2928","tag-kzd","tag-uchwala","tag-uchwala-kzd","tag-x-kzd"],"_links":{"self":[{"href":"https:\/\/www.solidarnosc.org.pl\/dok\/wp-json\/wp\/v2\/posts\/1891","targetHints":{"allow":["GET"]}}],"collection":[{"href":"https:\/\/www.solidarnosc.org.pl\/dok\/wp-json\/wp\/v2\/posts"}],"about":[{"href":"https:\/\/www.solidarnosc.org.pl\/dok\/wp-json\/wp\/v2\/types\/post"}],"author":[{"embeddable":true,"href":"https:\/\/www.solidarnosc.org.pl\/dok\/wp-json\/wp\/v2\/users\/3"}],"replies":[{"embeddable":true,"href":"https:\/\/www.solidarnosc.org.pl\/dok\/wp-json\/wp\/v2\/comments?post=1891"}],"version-history":[{"count":1,"href":"https:\/\/www.solidarnosc.org.pl\/dok\/wp-json\/wp\/v2\/posts\/1891\/revisions"}],"predecessor-version":[{"id":1893,"href":"https:\/\/www.solidarnosc.org.pl\/dok\/wp-json\/wp\/v2\/posts\/1891\/revisions\/1893"}],"wp:attachment":[{"href":"https:\/\/www.solidarnosc.org.pl\/dok\/wp-json\/wp\/v2\/media?parent=1891"}],"wp:term":[{"taxonomy":"category","embeddable":true,"href":"https:\/\/www.solidarnosc.org.pl\/dok\/wp-json\/wp\/v2\/categories?post=1891"},{"taxonomy":"post_tag","embeddable":true,"href":"https:\/\/www.solidarnosc.org.pl\/dok\/wp-json\/wp\/v2\/tags?post=1891"}],"curies":[{"name":"wp","href":"https:\/\/api.w.org\/{rel}","templated":true}]}}