{"id":1873,"date":"1998-09-26T10:47:31","date_gmt":"1998-09-26T08:47:31","guid":{"rendered":"http:\/\/www.solidarnosc.org.pl\/dok\/?p=1873"},"modified":"2012-10-05T10:50:23","modified_gmt":"2012-10-05T08:50:23","slug":"uchwala-nr-71998-x-kzd-ws-upowszechnienia-europejskiej-karty-socjalnej","status":"publish","type":"post","link":"https:\/\/www.solidarnosc.org.pl\/dok\/1998\/09\/26\/uchwala-nr-71998-x-kzd-ws-upowszechnienia-europejskiej-karty-socjalnej\/","title":{"rendered":"Uchwa\u0142a nr 7\/1998 X KZD ws. upowszechnienia  Europejskiej Karty Socjalnej"},"content":{"rendered":"<p style=\"text-align: justify;\">Krajowy \u00a0Zjazd \u00a0Delegat\u00f3w \u00a0NSZZ \u00a0&#8222;Solidarno\u015b\u0107&#8221; \u00a0zobowi\u0105zuje Komisj\u0119 \u00a0Krajow\u0105 \u00a0do upowszechnienia \u00a0we wszystkich strukturach Zwi\u0105zku do ko\u0144ca 1998 roku tre\u015bci Europejskiej Karty Socjalnej.<\/p>\n","protected":false},"excerpt":{"rendered":"<p>Krajowy \u00a0Zjazd \u00a0Delegat\u00f3w \u00a0NSZZ \u00a0&#8222;Solidarno\u015b\u0107&#8221; \u00a0zobowi\u0105zuje Komisj\u0119 \u00a0Krajow\u0105 \u00a0do upowszechnienia \u00a0we wszystkich strukturach Zwi\u0105zku do ko\u0144ca 1998 roku tre\u015bci Europejskiej Karty Socjalnej.<\/p>\n","protected":false},"author":3,"featured_media":0,"comment_status":"closed","ping_status":"closed","sticky":false,"template":"","format":"standard","meta":{"footnotes":""},"categories":[28,16],"tags":[2928,2936,2636,62,2638,2929],"class_list":["post-1873","post","type-post","status-publish","format-standard","hentry","category-10kzd","category-dokkzd","tag-2928","tag-7-1998","tag-kzd","tag-uchwala","tag-uchwala-kzd","tag-x-kzd"],"_links":{"self":[{"href":"https:\/\/www.solidarnosc.org.pl\/dok\/wp-json\/wp\/v2\/posts\/1873","targetHints":{"allow":["GET"]}}],"collection":[{"href":"https:\/\/www.solidarnosc.org.pl\/dok\/wp-json\/wp\/v2\/posts"}],"about":[{"href":"https:\/\/www.solidarnosc.org.pl\/dok\/wp-json\/wp\/v2\/types\/post"}],"author":[{"embeddable":true,"href":"https:\/\/www.solidarnosc.org.pl\/dok\/wp-json\/wp\/v2\/users\/3"}],"replies":[{"embeddable":true,"href":"https:\/\/www.solidarnosc.org.pl\/dok\/wp-json\/wp\/v2\/comments?post=1873"}],"version-history":[{"count":1,"href":"https:\/\/www.solidarnosc.org.pl\/dok\/wp-json\/wp\/v2\/posts\/1873\/revisions"}],"predecessor-version":[{"id":1875,"href":"https:\/\/www.solidarnosc.org.pl\/dok\/wp-json\/wp\/v2\/posts\/1873\/revisions\/1875"}],"wp:attachment":[{"href":"https:\/\/www.solidarnosc.org.pl\/dok\/wp-json\/wp\/v2\/media?parent=1873"}],"wp:term":[{"taxonomy":"category","embeddable":true,"href":"https:\/\/www.solidarnosc.org.pl\/dok\/wp-json\/wp\/v2\/categories?post=1873"},{"taxonomy":"post_tag","embeddable":true,"href":"https:\/\/www.solidarnosc.org.pl\/dok\/wp-json\/wp\/v2\/tags?post=1873"}],"curies":[{"name":"wp","href":"https:\/\/api.w.org\/{rel}","templated":true}]}}