{"id":1847,"date":"1998-09-24T10:07:31","date_gmt":"1998-09-24T08:07:31","guid":{"rendered":"http:\/\/www.solidarnosc.org.pl\/dok\/?p=1847"},"modified":"2012-10-05T10:09:53","modified_gmt":"2012-10-05T08:09:53","slug":"list-x-kzd-do-ojca-sw-jana-pawla-ii","status":"publish","type":"post","link":"https:\/\/www.solidarnosc.org.pl\/dok\/1998\/09\/24\/list-x-kzd-do-ojca-sw-jana-pawla-ii\/","title":{"rendered":"List X KZD do Ojca \u015aw. Jana Paw\u0142a II"},"content":{"rendered":"<h1 style=\"text-align: center;\"><strong>Umi\u0142owany Ojcze \u015awi\u0119ty !<\/strong><\/h1>\n<p>W 20 rocznic\u0119 wezwania Ciebie, Ojcze \u015awi\u0119ty, na Stolic\u0119 Piotrow\u0105, delegaci zebrani na X Krajowym Zje\u017adzie Delegat\u00f3w NSZZ \u201cSolidarno\u015b\u0107\u201d w Jastrz\u0119biu Zdroju wyra\u017caj\u0105 ogromn\u0105 wdzi\u0119czno\u015b\u0107 Bogu za \u0142ask\u0119 tego pontyfikatu.<\/p>\n<p>Modlimy si\u0119 o dalsze dary Ducha \u015awi\u0119tego dla Waszej \u015awi\u0105tobliwo\u015bci wprowadzania Ko\u015bcio\u0142a i \u015bwiata w trzecie tysi\u0105clecie.<\/p>\n<p>Zachowujemy we wdzi\u0119cznej pami\u0119ci nauczanie skierowane do nas podczas pielgrzymek do naszej Ojczyzny, a szczeg\u00f3lnie tej w 1979 roku. Rodz\u0105c mi\u0119dzyludzk\u0105 solidarno\u015b\u0107 Polak\u00f3w zaowocowa\u0142a ona powstaniem Niezale\u017cnego Samorz\u0105dnego Zwi\u0105zku Zawodowego \u201cSolidarno\u015b\u0107\u201d.<\/p>\n<p>Dzi\u0119kujemy za cierpliwe wskazywanie nam w\u0142a\u015bciwej drogi i okazywan\u0105 mi\u0142o\u015b\u0107.<\/p>\n<p>\u017byczymy b\u0142ogos\u0142awie\u0144stwa Bo\u017cego i daru zdrowia.<\/p>\n<p>Oczekujemy z niecierpliwo\u015bci\u0105 na ponowne spotkanie z Tob\u0105 w Ojczy\u017anie.<\/p>\n<p>Umi\u0142owany Ojcze \u015awi\u0119ty, jeste\u015bmy zawsze z Tob\u0105.<\/p>\n<p align=\"center\">\n<p>Jastrz\u0119bie Zdr\u00f3j, dnia 24 wrze\u015bnia 1998 r<\/p>\n","protected":false},"excerpt":{"rendered":"<p>Umi\u0142owany Ojcze \u015awi\u0119ty ! W 20 rocznic\u0119 wezwania Ciebie, Ojcze \u015awi\u0119ty, na Stolic\u0119 Piotrow\u0105, delegaci zebrani na X Krajowym Zje\u017adzie Delegat\u00f3w NSZZ \u201cSolidarno\u015b\u0107\u201d w Jastrz\u0119biu Zdroju wyra\u017caj\u0105 ogromn\u0105 wdzi\u0119czno\u015b\u0107 Bogu za \u0142ask\u0119 tego pontyfikatu. Modlimy si\u0119 o dalsze dary Ducha \u015awi\u0119tego dla Waszej \u015awi\u0105tobliwo\u015bci wprowadzania Ko\u015bcio\u0142a i \u015bwiata w trzecie tysi\u0105clecie. Zachowujemy we wdzi\u0119cznej pami\u0119ci [&hellip;]<\/p>\n","protected":false},"author":3,"featured_media":0,"comment_status":"closed","ping_status":"closed","sticky":false,"template":"","format":"standard","meta":{"footnotes":""},"categories":[28,16],"tags":[2928,2636,65,2652,2929],"class_list":["post-1847","post","type-post","status-publish","format-standard","hentry","category-10kzd","category-dokkzd","tag-2928","tag-kzd","tag-list","tag-list-kzd","tag-x-kzd"],"_links":{"self":[{"href":"https:\/\/www.solidarnosc.org.pl\/dok\/wp-json\/wp\/v2\/posts\/1847","targetHints":{"allow":["GET"]}}],"collection":[{"href":"https:\/\/www.solidarnosc.org.pl\/dok\/wp-json\/wp\/v2\/posts"}],"about":[{"href":"https:\/\/www.solidarnosc.org.pl\/dok\/wp-json\/wp\/v2\/types\/post"}],"author":[{"embeddable":true,"href":"https:\/\/www.solidarnosc.org.pl\/dok\/wp-json\/wp\/v2\/users\/3"}],"replies":[{"embeddable":true,"href":"https:\/\/www.solidarnosc.org.pl\/dok\/wp-json\/wp\/v2\/comments?post=1847"}],"version-history":[{"count":1,"href":"https:\/\/www.solidarnosc.org.pl\/dok\/wp-json\/wp\/v2\/posts\/1847\/revisions"}],"predecessor-version":[{"id":1849,"href":"https:\/\/www.solidarnosc.org.pl\/dok\/wp-json\/wp\/v2\/posts\/1847\/revisions\/1849"}],"wp:attachment":[{"href":"https:\/\/www.solidarnosc.org.pl\/dok\/wp-json\/wp\/v2\/media?parent=1847"}],"wp:term":[{"taxonomy":"category","embeddable":true,"href":"https:\/\/www.solidarnosc.org.pl\/dok\/wp-json\/wp\/v2\/categories?post=1847"},{"taxonomy":"post_tag","embeddable":true,"href":"https:\/\/www.solidarnosc.org.pl\/dok\/wp-json\/wp\/v2\/tags?post=1847"}],"curies":[{"name":"wp","href":"https:\/\/api.w.org\/{rel}","templated":true}]}}