{"id":14407,"date":"2026-09-01T09:51:45","date_gmt":"2026-09-01T07:51:45","guid":{"rendered":"https:\/\/www.solidarnosc.org.pl\/dok\/?p=14407"},"modified":"2026-09-03T09:59:34","modified_gmt":"2026-09-03T07:59:34","slug":"decyzja-prezydium-kk-nr-102-26-ws-opinii-o-projekcie-rozporzadzenia-ministra-zdrowia-w-sprawie-swiadczengwarantowanych-z-zakresu-rehabilitacji-leczniczej-numer-wykazu-mz-1575","status":"publish","type":"post","link":"https:\/\/www.solidarnosc.org.pl\/dok\/2026\/09\/01\/decyzja-prezydium-kk-nr-102-26-ws-opinii-o-projekcie-rozporzadzenia-ministra-zdrowia-w-sprawie-swiadczengwarantowanych-z-zakresu-rehabilitacji-leczniczej-numer-wykazu-mz-1575\/","title":{"rendered":"Decyzja Prezydium KK nr 102\/26 ws. opinii o projekcie rozporz\u0105dzenia Ministra Zdrowia w sprawie \u015bwiadcze\u0144gwarantowanych z zakresu rehabilitacji leczniczej (numer wykazu MZ 1575)"},"content":{"rendered":"<p style=\"text-align: justify;\">Prezydium Komisji Krajowej NSZZ \u201eSolidarno\u015b\u0107\u201d po konsultacji z Krajow\u0105 Sekcj\u0105 Uzdrowisk NSZZ \u201eSolidarno\u015b\u0107\u201d przedstawia nast\u0119puj\u0105c\u0105 opini\u0119 do projektu rozporz\u0105dzenia Ministra Zdrowia w sprawie \u015bwiadcze\u0144 gwarantowanych z zakresu rehabilitacji leczniczej. Uwa\u017camy, \u017ce konieczne jest utrzymanie w katalogu \u015bwiadcze\u0144 gwarantowanych zakresu \u201erehabilitacja pulmonologiczna z wykorzystaniem metod subterraneoterapii\u201d.<br \/>\nNSZZ \u201eSolidarno\u015b\u0107\u201d od lat stoi na stra\u017cy prawa obywateli do r\u00f3wnego dost\u0119pu do \u015bwiadcze\u0144 zdrowotnych oraz ochrony rozwi\u0105za\u0144 s\u0142u\u017c\u0105cych poprawie zdrowia i jako\u015bci \u017cycia pacjent\u00f3w. Dlatego z niepokojem przyjmujemy propozycj\u0119 ograniczenia dost\u0119pu do rehabilitacji pulmonologicznej realizowanej w wyj\u0105tkowych warunkach naturalnego mikroklimatu podziemnych kom\u00f3r leczniczych.<br \/>\nW pe\u0142ni rozumiemy potrzeb\u0119 zwi\u0119kszania dost\u0119pno\u015bci rehabilitacji pulmonologicznej i obj\u0119cia ni\u0105 jak najwi\u0119kszej liczby pacjent\u00f3w. Uwa\u017camy jednak, \u017ce rozw\u00f3j systemu nie powinien odbywa\u0107 si\u0119 poprzez likwidacj\u0119 istniej\u0105cych form leczenia, z kt\u00f3rych od wielu lat korzystaj\u0105 pacjenci z przewlek\u0142ymi chorobami uk\u0142adu oddechowego. Rozszerzanie dost\u0119pu do rehabilitacji i zachowanie rehabilitacji pulmonologicznej z wykorzystaniem metod subterraneoterapii nie s\u0105 celami sprzecznymi \u2013 przeciwnie, mog\u0105 si\u0119 wzajemnie uzupe\u0142nia\u0107.<br \/>\nSzczeg\u00f3lny niepok\u00f3j budzi perspektywa odebrania pacjentom mo\u017cliwo\u015bci korzystania ze \u015bwiadcze\u0144 realizowanych w jednym z najbardziej wyj\u0105tkowych podmiot\u00f3w leczniczych w Polsce. Uzdrowisko Kopalni Soli \u201eWieliczka\u201d od wielu lat prowadzi rehabilitacj\u0119 pulmonologiczn\u0105 w warunkach naturalnego mikroklimatu podziemnych wyrobisk, zapewniaj\u0105c kompleksow\u0105 opiek\u0119 tysi\u0105com chorych. Z tej formy leczenia korzysta oko\u0142o 3 500 pacjent\u00f3w rocznie, co najlepiej pokazuje jej znaczenie spo\u0142eczne oraz rzeczywiste zapotrzebowanie na tego rodzaju \u015bwiadczenia. Polska jako kraj b\u0119d\u0105cy pionierem w rozwoju subterraneoterapii, powinna d\u0105\u017cy\u0107 do zachowania i wykorzystania tego potencja\u0142u, a nie do ograniczania dost\u0119pu do niego.<br \/>\nDlatego apelujemy o pozostawienie rehabilitacji pulmonologicznej z wykorzystaniem metod subterraneoterapii w katalogu \u015bwiadcze\u0144 gwarantowanych jako wyspecjalizowanej formy rehabilitacji dost\u0119pnej dla pacjent\u00f3w, kt\u00f3rzy mog\u0105 odnie\u015b\u0107 korzy\u015bci z leczenia prowadzonego w tych wyj\u0105tkowych warunkach. Jeste\u015bmy przekonani, \u017ce rozwi\u0105zanie to pozwoli jednocze\u015bnie rozwija\u0107 dost\u0119pno\u015b\u0107 rehabilitacji pulmonologicznej w Polsce oraz zachowa\u0107 wa\u017cn\u0105 cz\u0119\u015b\u0107 krajowego dorobku w zakresie rehabilitacji i lecznictwa uzdrowiskowego.<\/p>\n<p style=\"text-align: justify;\">Uwagi szczeg\u00f3\u0142owe stanowi\u0105 integraln\u0105 cz\u0119\u015b\u0107 przedstawionej opinii.<\/p>\n<p style=\"text-align: justify;\">\n","protected":false},"excerpt":{"rendered":"<p>Prezydium Komisji Krajowej NSZZ \u201eSolidarno\u015b\u0107\u201d po konsultacji z Krajow\u0105 Sekcj\u0105 Uzdrowisk NSZZ \u201eSolidarno\u015b\u0107\u201d przedstawia nast\u0119puj\u0105c\u0105 opini\u0119 do projektu rozporz\u0105dzenia Ministra Zdrowia w sprawie \u015bwiadcze\u0144 gwarantowanych z zakresu rehabilitacji leczniczej. Uwa\u017camy, \u017ce konieczne jest utrzymanie w katalogu \u015bwiadcze\u0144 gwarantowanych zakresu \u201erehabilitacja pulmonologiczna z wykorzystaniem metod subterraneoterapii\u201d. NSZZ \u201eSolidarno\u015b\u0107\u201d od lat stoi na stra\u017cy prawa obywateli do [&hellip;]<\/p>\n","protected":false},"author":3,"featured_media":0,"comment_status":"closed","ping_status":"closed","sticky":false,"template":"","format":"standard","meta":{"footnotes":""},"categories":[3909,9],"tags":[4019,3911,536,98],"class_list":["post-14407","post","type-post","status-publish","format-standard","hentry","category-2026prezydium","category-dokprez","tag-102-26","tag-3911","tag-decyzja-prezydium","tag-kk"],"_links":{"self":[{"href":"https:\/\/www.solidarnosc.org.pl\/dok\/wp-json\/wp\/v2\/posts\/14407","targetHints":{"allow":["GET"]}}],"collection":[{"href":"https:\/\/www.solidarnosc.org.pl\/dok\/wp-json\/wp\/v2\/posts"}],"about":[{"href":"https:\/\/www.solidarnosc.org.pl\/dok\/wp-json\/wp\/v2\/types\/post"}],"author":[{"embeddable":true,"href":"https:\/\/www.solidarnosc.org.pl\/dok\/wp-json\/wp\/v2\/users\/3"}],"replies":[{"embeddable":true,"href":"https:\/\/www.solidarnosc.org.pl\/dok\/wp-json\/wp\/v2\/comments?post=14407"}],"version-history":[{"count":2,"href":"https:\/\/www.solidarnosc.org.pl\/dok\/wp-json\/wp\/v2\/posts\/14407\/revisions"}],"predecessor-version":[{"id":14410,"href":"https:\/\/www.solidarnosc.org.pl\/dok\/wp-json\/wp\/v2\/posts\/14407\/revisions\/14410"}],"wp:attachment":[{"href":"https:\/\/www.solidarnosc.org.pl\/dok\/wp-json\/wp\/v2\/media?parent=14407"}],"wp:term":[{"taxonomy":"category","embeddable":true,"href":"https:\/\/www.solidarnosc.org.pl\/dok\/wp-json\/wp\/v2\/categories?post=14407"},{"taxonomy":"post_tag","embeddable":true,"href":"https:\/\/www.solidarnosc.org.pl\/dok\/wp-json\/wp\/v2\/tags?post=14407"}],"curies":[{"name":"wp","href":"https:\/\/api.w.org\/{rel}","templated":true}]}}