{"id":13041,"date":"2025-03-28T13:19:28","date_gmt":"2025-03-28T12:19:28","guid":{"rendered":"https:\/\/www.solidarnosc.org.pl\/dok\/?p=13041"},"modified":"2025-03-31T13:20:27","modified_gmt":"2025-03-31T11:20:27","slug":"decyzja-prezydium-kk-nr-38-25-ws-dotacji-finansowej","status":"publish","type":"post","link":"https:\/\/www.solidarnosc.org.pl\/dok\/2025\/03\/28\/decyzja-prezydium-kk-nr-38-25-ws-dotacji-finansowej\/","title":{"rendered":"Decyzja Prezydium KK nr 38\/25 ws. dotacji finansowej"},"content":{"rendered":"\n<p>(do u\u017cytku s\u0142u\u017cbowego)<\/p>\n","protected":false},"excerpt":{"rendered":"<p>(do u\u017cytku s\u0142u\u017cbowego)<\/p>\n","protected":false},"author":3,"featured_media":0,"comment_status":"closed","ping_status":"closed","sticky":false,"template":"","format":"standard","meta":{"footnotes":""},"categories":[3713,9],"tags":[3711,3752,61,536,534],"class_list":["post-13041","post","type-post","status-publish","format-standard","hentry","category-2025prezydium","category-dokprez","tag-3711","tag-38-25","tag-decyzja","tag-decyzja-prezydium","tag-prezydium"],"_links":{"self":[{"href":"https:\/\/www.solidarnosc.org.pl\/dok\/wp-json\/wp\/v2\/posts\/13041","targetHints":{"allow":["GET"]}}],"collection":[{"href":"https:\/\/www.solidarnosc.org.pl\/dok\/wp-json\/wp\/v2\/posts"}],"about":[{"href":"https:\/\/www.solidarnosc.org.pl\/dok\/wp-json\/wp\/v2\/types\/post"}],"author":[{"embeddable":true,"href":"https:\/\/www.solidarnosc.org.pl\/dok\/wp-json\/wp\/v2\/users\/3"}],"replies":[{"embeddable":true,"href":"https:\/\/www.solidarnosc.org.pl\/dok\/wp-json\/wp\/v2\/comments?post=13041"}],"version-history":[{"count":1,"href":"https:\/\/www.solidarnosc.org.pl\/dok\/wp-json\/wp\/v2\/posts\/13041\/revisions"}],"predecessor-version":[{"id":13042,"href":"https:\/\/www.solidarnosc.org.pl\/dok\/wp-json\/wp\/v2\/posts\/13041\/revisions\/13042"}],"wp:attachment":[{"href":"https:\/\/www.solidarnosc.org.pl\/dok\/wp-json\/wp\/v2\/media?parent=13041"}],"wp:term":[{"taxonomy":"category","embeddable":true,"href":"https:\/\/www.solidarnosc.org.pl\/dok\/wp-json\/wp\/v2\/categories?post=13041"},{"taxonomy":"post_tag","embeddable":true,"href":"https:\/\/www.solidarnosc.org.pl\/dok\/wp-json\/wp\/v2\/tags?post=13041"}],"curies":[{"name":"wp","href":"https:\/\/api.w.org\/{rel}","templated":true}]}}