{"id":13021,"date":"2025-03-18T12:53:09","date_gmt":"2025-03-18T11:53:09","guid":{"rendered":"https:\/\/www.solidarnosc.org.pl\/dok\/?p=13021"},"modified":"2025-03-21T12:55:51","modified_gmt":"2025-03-21T11:55:51","slug":"stanowisko-kk-nr-2-25-ws-uczczenia-80-rocznicy-meczenskiej-smierci-bl-natalii-tulasiewicz-patronki-polskich-nauczycieli-zamordowanej-w-obozie-ravensbruck","status":"publish","type":"post","link":"https:\/\/www.solidarnosc.org.pl\/dok\/2025\/03\/18\/stanowisko-kk-nr-2-25-ws-uczczenia-80-rocznicy-meczenskiej-smierci-bl-natalii-tulasiewicz-patronki-polskich-nauczycieli-zamordowanej-w-obozie-ravensbruck\/","title":{"rendered":"Stanowisko KK nr 2\/25 ws. uczczenia 80. rocznicy m\u0119cze\u0144skiej \u015bmierci b\u0142. Natalii Tu\u0142asiewicz, patronki polskich nauczycieli, zamordowanej w obozie Ravensbr\u00fcck"},"content":{"rendered":"<p style=\"margin: 0cm 0cm 0.0001pt; line-height: 150%; text-align: justify;\">W 45. rocznic\u0119 powstania Niezale\u017cnego Samorz\u0105dnego Zwi\u0105zku Zawodowego \u201eSolidarno\u015b\u0107\u201d Komisja Krajowa NSZZ \u201eSolidarno\u015b\u0107\u201d sk\u0142ada ho\u0142d b\u0142ogos\u0142awionej Natalii Tu\u0142asiewicz, nauczycielce, patriotce, emisariuszce polskiego pa\u0144stwa podziemnego, kt\u00f3ra ponios\u0142a m\u0119cze\u0144sk\u0105 \u015bmier\u0107 w niemieckim obozie koncentracyjnym Ravensbr\u00fcck 31 marca 1945 roku.<\/p>\n<p style=\"margin: 0cm 0cm 0.0001pt; line-height: 150%; text-align: justify;\">B\u0142. Natalia Tu\u0142asiewicz, b\u0119d\u0105c wzorem niez\u0142omnej postawy, oddania bli\u017anim i mi\u0142o\u015bci do Ojczyzny, pozostaje inspiracj\u0105 dla kolejnych pokole\u0144 Polak\u00f3w, a w szczeg\u00f3lno\u015bci dla nauczycieli, kt\u00f3rym patronuje. Jej \u017cycie i heroiczna \u015bmier\u0107 przypominaj\u0105 o niez\u0142omno\u015bci ducha polskiego narodu oraz o warto\u015bciach, kt\u00f3re przy\u015bwieca\u0142y r\u00f3wnie\u017c ruchowi \u201eSolidarno\u015b\u0107\u201d \u2013 prawdzie, wolno\u015bci, godno\u015bci cz\u0142owieka i solidarno\u015bci mi\u0119dzyludzkiej.<\/p>\n<p style=\"margin: 0cm 0cm 0.0001pt; line-height: 150%; text-align: justify;\">W rocznic\u0119 Jej m\u0119cze\u0144stwa wzywamy do upami\u0119tnienia tej wybitnej postaci poprzez uroczysto\u015bci, modlitw\u0119 i refleksj\u0119 nad dziedzictwem, kt\u00f3re pozostawi\u0142a. Niech pami\u0119\u0107 o b\u0142. Natalii Tu\u0142asiewicz b\u0119dzie dla nas wszystkich zobowi\u0105zaniem do piel\u0119gnowania warto\u015bci, za kt\u00f3re odda\u0142a \u017cycie.<\/p>\n","protected":false},"excerpt":{"rendered":"<p>W 45. rocznic\u0119 powstania Niezale\u017cnego Samorz\u0105dnego Zwi\u0105zku Zawodowego \u201eSolidarno\u015b\u0107\u201d Komisja Krajowa NSZZ \u201eSolidarno\u015b\u0107\u201d sk\u0142ada ho\u0142d b\u0142ogos\u0142awionej Natalii Tu\u0142asiewicz, nauczycielce, patriotce, emisariuszce polskiego pa\u0144stwa podziemnego, kt\u00f3ra ponios\u0142a m\u0119cze\u0144sk\u0105 \u015bmier\u0107 w niemieckim obozie koncentracyjnym Ravensbr\u00fcck 31 marca 1945 roku. B\u0142. Natalia Tu\u0142asiewicz, b\u0119d\u0105c wzorem niez\u0142omnej postawy, oddania bli\u017anim i mi\u0142o\u015bci do Ojczyzny, pozostaje inspiracj\u0105 dla kolejnych pokole\u0144 [&hellip;]<\/p>\n","protected":false},"author":3,"featured_media":0,"comment_status":"closed","ping_status":"closed","sticky":false,"template":"","format":"standard","meta":{"footnotes":""},"categories":[3584,8],"tags":[3714,3711,98,63,100],"class_list":["post-13021","post","type-post","status-publish","format-standard","hentry","category-2025-kk","category-dokkk","tag-2-25","tag-3711","tag-kk","tag-stanowisko","tag-stanowisko-kk"],"_links":{"self":[{"href":"https:\/\/www.solidarnosc.org.pl\/dok\/wp-json\/wp\/v2\/posts\/13021","targetHints":{"allow":["GET"]}}],"collection":[{"href":"https:\/\/www.solidarnosc.org.pl\/dok\/wp-json\/wp\/v2\/posts"}],"about":[{"href":"https:\/\/www.solidarnosc.org.pl\/dok\/wp-json\/wp\/v2\/types\/post"}],"author":[{"embeddable":true,"href":"https:\/\/www.solidarnosc.org.pl\/dok\/wp-json\/wp\/v2\/users\/3"}],"replies":[{"embeddable":true,"href":"https:\/\/www.solidarnosc.org.pl\/dok\/wp-json\/wp\/v2\/comments?post=13021"}],"version-history":[{"count":1,"href":"https:\/\/www.solidarnosc.org.pl\/dok\/wp-json\/wp\/v2\/posts\/13021\/revisions"}],"predecessor-version":[{"id":13023,"href":"https:\/\/www.solidarnosc.org.pl\/dok\/wp-json\/wp\/v2\/posts\/13021\/revisions\/13023"}],"wp:attachment":[{"href":"https:\/\/www.solidarnosc.org.pl\/dok\/wp-json\/wp\/v2\/media?parent=13021"}],"wp:term":[{"taxonomy":"category","embeddable":true,"href":"https:\/\/www.solidarnosc.org.pl\/dok\/wp-json\/wp\/v2\/categories?post=13021"},{"taxonomy":"post_tag","embeddable":true,"href":"https:\/\/www.solidarnosc.org.pl\/dok\/wp-json\/wp\/v2\/tags?post=13021"}],"curies":[{"name":"wp","href":"https:\/\/api.w.org\/{rel}","templated":true}]}}