{"id":12987,"date":"2025-03-04T12:15:40","date_gmt":"2025-03-04T11:15:40","guid":{"rendered":"https:\/\/www.solidarnosc.org.pl\/dok\/?p=12987"},"modified":"2025-03-05T12:22:43","modified_gmt":"2025-03-05T11:22:43","slug":"decyzja-prezydium-kk-nr-31-25-ws-projektu-ustawy-o-zmianie-ustawy-o-zbiorowym-zaopatrzeniu-w-wode-i-zbiorowym-odprowadzeniu-sciekow-oraz-ustawy-prawo-wodne-ud-48","status":"publish","type":"post","link":"https:\/\/www.solidarnosc.org.pl\/dok\/2025\/03\/04\/decyzja-prezydium-kk-nr-31-25-ws-projektu-ustawy-o-zmianie-ustawy-o-zbiorowym-zaopatrzeniu-w-wode-i-zbiorowym-odprowadzeniu-sciekow-oraz-ustawy-prawo-wodne-ud-48\/","title":{"rendered":"Decyzja Prezydium KK nr 31\/25 ws. projektu ustawy o zmianie ustawy o zbiorowym zaopatrzeniu w wod\u0119 i zbiorowym odprowadzeniu \u015bciek\u00f3w oraz ustawy &#8211; Prawo wodne (UD 48)"},"content":{"rendered":"<p style=\"text-align: justify;\">Prezydium Komisji Krajowej NSZZ \u201eSolidarno\u015b\u0107\u201d przedstawia uwagi do projektu ustawy o zbiorowym zaopatrzeniu w wod\u0119 i zbiorowym odprowadzeniu \u015bciek\u00f3w oraz ustawy \u2013 Prawo wodne (UD 48).<br \/>\nPrezydium Komisji Krajowej NSZZ \u201eSolidarno\u015b\u0107\u201d stwierdza po raz kolejny, \u017ce uprawnienia wynikaj\u0105ce z Art. 19 ustawy o zwi\u0105zkach zawodowych nie s\u0105 respektowane przez organy w\u0142adzy publicznej. Projekt ustawy o zmianie ustawy o zbiorowym zaopatrzeniu w wod\u0119 i zbiorowym odprowadzeniu \u015bciek\u00f3w (UD 48) zosta\u0142 skierowany do konsultacji, dopiero po interwencji Zwi\u0105zku.<br \/>\nAnaliza projektowanego projektu, kt\u00f3ry powraca do rozwi\u0105za\u0144 sprzed kilku lat wymaga pog\u0142\u0119bionej dyskusji maj\u0105c na uwadze wywa\u017cenie interesu przedsi\u0119biorstw wodoci\u0105gowo-kanalizacyjnych i ich pracownik\u00f3w oraz obywateli zaopatruj\u0105cych si\u0119 wod\u0119 na terenie gminy.<br \/>\nNie ulega w\u0105tpliwo\u015bci, \u017ce okre\u015blenie taryfy wp\u0142ywa bezpo\u015brednio na sytuacj\u0119 przedsi\u0119biorstwa wodoci\u0105gowo-kanalizacyjnego oraz cen\u0119 i stawki op\u0142at okre\u015blonych w taryfie dla mieszka\u0144c\u00f3w gminy.<br \/>\nPrezydium KK NSZZ \u201eSolidarno\u015b\u0107\u201d podkre\u015bla rol\u0119 dialogu spo\u0142ecznego i negocjacji p\u0142acowych w przedsi\u0119biorstwach wodoci\u0105gowo-kanalizacyjnych, ale tak\u017ce uznaje za niezb\u0119dne dbanie projektodawcy o interesy obywateli zaopatruj\u0105cych si\u0119 w wod\u0119 na terenie gminy.<br \/>\nPrezydium KK wskazuje na niekt\u00f3re uwagi przedstawione przez Krajow\u0105 Sekcj\u0119<br \/>\nNSZZ \u201eSolidarno\u015b\u0107\u201d Pracownik\u00f3w Wodoci\u0105g\u00f3w i Kanalizacji:<br \/>\n\u2022 postulowanie o wpisanie wzajemnych relacji przedsi\u0119biorstwa wodoci\u0105gowego<br \/>\ni hurtowego sprzedawcy wody, kt\u00f3ry nie podlega pod ustaw\u0119 o zbiorowym zaopatrzeniu w wod\u0119 i zbiorowym odprowadzeniu \u015bciek\u00f3w w odniesieniu do obowi\u0105zk\u00f3w wynikaj\u0105cych z zapis\u00f3w projektu ustawy.<br \/>\n\u2022 Wprowadzenie mechanizm\u00f3w i regulacji dotycz\u0105cych op\u0142at za czynsz dzier\u017cawny za urz\u0105dzenia wodoci\u0105gowe i kanalizacyjne ponoszonych przez przedsi\u0119biorstwa wodoci\u0105gowo-kanalizacyjne stanowi\u0105cy jeden z g\u0142\u00f3wnych koszt\u00f3w przedsi\u0119biorstwa.<br \/>\n\u2022 Ujednolicenie terminologii i definicji zwi\u0105zanych ze zbiorowym zaopatrzeniem w wod\u0119 oraz zbiorowym odprowadzaniem \u015bciek\u00f3w, co pozwoli na unikni\u0119cie niejasno\u015bci interpretacyjnych.<br \/>\n\u2022 W projekcie nie wyja\u015bniono czym jest \u201e\u015bredni wzrost cen i stawek op\u0142at\u201d. Zamiast tego pos\u0142u\u017cono si\u0119 terminem \u201ewzrost inflacyjny\u201d \u2014 okre\u015blonym w art. 24ba ust. 1 pkt. la. Poj\u0119cie to odnosi si\u0119 do sumy \u015bredniorocznych wska\u017anik\u00f3w cen towar\u00f3w i us\u0142ug konsumpcyjnych og\u00f3\u0142em, publikowanych przez prezesa GUS, obliczonej dla ka\u017cdego roku obowi\u0105zywania dotychczasowej taryfy. Pomini\u0119to jednak fakt, \u017ce okres obowi\u0105zywania taryf nie zawsze pokrywa si\u0119 z latami kalendarzowymi. Ponadto, zgodnie z projektem, przedsi\u0119biorstwo mo\u017ce z\u0142o\u017cy\u0107 wniosek taryfowy na okres kr\u00f3tszy, np. na jeden rok.<br \/>\nPrezydium Komisji Krajowej NSZZ \u201eSolidarno\u015b\u0107\u201d z aprobat\u0105 przyjmuje zaproszenie do udzia\u0142u w konsultacjach projektu ustawy o zmianie ustawy o zbiorowym zaopatrzeniu w wod\u0119 i zbiorowym odprowadzeniu \u015bciek\u00f3w (UD 48), poniewa\u017c projekt w zaproponowanym kszta\u0142cie wymaga dopracowania.<\/p>\n<p>&nbsp;<\/p>\n","protected":false},"excerpt":{"rendered":"<p>Prezydium Komisji Krajowej NSZZ \u201eSolidarno\u015b\u0107\u201d przedstawia uwagi do projektu ustawy o zbiorowym zaopatrzeniu w wod\u0119 i zbiorowym odprowadzeniu \u015bciek\u00f3w oraz ustawy \u2013 Prawo wodne (UD 48). Prezydium Komisji Krajowej NSZZ \u201eSolidarno\u015b\u0107\u201d stwierdza po raz kolejny, \u017ce uprawnienia wynikaj\u0105ce z Art. 19 ustawy o zwi\u0105zkach zawodowych nie s\u0105 respektowane przez organy w\u0142adzy publicznej. Projekt ustawy o [&hellip;]<\/p>\n","protected":false},"author":3,"featured_media":0,"comment_status":"closed","ping_status":"closed","sticky":false,"template":"","format":"standard","meta":{"footnotes":""},"categories":[3713,9],"tags":[3711,3745,61,536,534],"class_list":["post-12987","post","type-post","status-publish","format-standard","hentry","category-2025prezydium","category-dokprez","tag-3711","tag-31-25","tag-decyzja","tag-decyzja-prezydium","tag-prezydium"],"_links":{"self":[{"href":"https:\/\/www.solidarnosc.org.pl\/dok\/wp-json\/wp\/v2\/posts\/12987","targetHints":{"allow":["GET"]}}],"collection":[{"href":"https:\/\/www.solidarnosc.org.pl\/dok\/wp-json\/wp\/v2\/posts"}],"about":[{"href":"https:\/\/www.solidarnosc.org.pl\/dok\/wp-json\/wp\/v2\/types\/post"}],"author":[{"embeddable":true,"href":"https:\/\/www.solidarnosc.org.pl\/dok\/wp-json\/wp\/v2\/users\/3"}],"replies":[{"embeddable":true,"href":"https:\/\/www.solidarnosc.org.pl\/dok\/wp-json\/wp\/v2\/comments?post=12987"}],"version-history":[{"count":1,"href":"https:\/\/www.solidarnosc.org.pl\/dok\/wp-json\/wp\/v2\/posts\/12987\/revisions"}],"predecessor-version":[{"id":12989,"href":"https:\/\/www.solidarnosc.org.pl\/dok\/wp-json\/wp\/v2\/posts\/12987\/revisions\/12989"}],"wp:attachment":[{"href":"https:\/\/www.solidarnosc.org.pl\/dok\/wp-json\/wp\/v2\/media?parent=12987"}],"wp:term":[{"taxonomy":"category","embeddable":true,"href":"https:\/\/www.solidarnosc.org.pl\/dok\/wp-json\/wp\/v2\/categories?post=12987"},{"taxonomy":"post_tag","embeddable":true,"href":"https:\/\/www.solidarnosc.org.pl\/dok\/wp-json\/wp\/v2\/tags?post=12987"}],"curies":[{"name":"wp","href":"https:\/\/api.w.org\/{rel}","templated":true}]}}