{"id":12872,"date":"2025-01-24T10:17:10","date_gmt":"2025-01-24T09:17:10","guid":{"rendered":"https:\/\/www.solidarnosc.org.pl\/dok\/?p=12872"},"modified":"2025-01-24T10:17:10","modified_gmt":"2025-01-24T09:17:10","slug":"decyzja-prezydium-kk-nr-10-25-ws-wyznaczenia-przedstawicieli-nszz-solidarnosc-w-zespole-trojstronnym-ds-transportu-drogowego","status":"publish","type":"post","link":"https:\/\/www.solidarnosc.org.pl\/dok\/2025\/01\/24\/decyzja-prezydium-kk-nr-10-25-ws-wyznaczenia-przedstawicieli-nszz-solidarnosc-w-zespole-trojstronnym-ds-transportu-drogowego\/","title":{"rendered":"Decyzja Prezydium KK nr 10\/25 ws. wyznaczenia przedstawicieli NSZZ \u201eSolidarno\u015b\u0107\u201d w Zespole Tr\u00f3jstronnym ds. Transportu Drogowego"},"content":{"rendered":"<p style=\"text-align: justify;\">Prezydium Komisji Krajowej NSZZ \u201eSolidarno\u015b\u0107\u201d zgodnie z zapisem Regulaminu Tr\u00f3jstronnego Zespo\u0142u do spraw Transportu Drogowego, paragraf 5, wyznacza do reprezentowania NSZZ \u201eSolidarno\u015b\u0107\u201d w zespole, nast\u0119puj\u0105cych przedstawicieli:<\/p>\n<p style=\"text-align: justify;\">&#8211; pan Andrzej Burnat,<br \/>\n&#8211; pan Gerard Skro\u0144ski.<\/p>\n","protected":false},"excerpt":{"rendered":"<p>Prezydium Komisji Krajowej NSZZ \u201eSolidarno\u015b\u0107\u201d zgodnie z zapisem Regulaminu Tr\u00f3jstronnego Zespo\u0142u do spraw Transportu Drogowego, paragraf 5, wyznacza do reprezentowania NSZZ \u201eSolidarno\u015b\u0107\u201d w zespole, nast\u0119puj\u0105cych przedstawicieli: &#8211; pan Andrzej Burnat, &#8211; pan Gerard Skro\u0144ski.<\/p>\n","protected":false},"author":3,"featured_media":0,"comment_status":"closed","ping_status":"closed","sticky":false,"template":"","format":"standard","meta":{"footnotes":""},"categories":[3713],"tags":[3722,3711,61,536,534],"class_list":["post-12872","post","type-post","status-publish","format-standard","hentry","category-2025prezydium","tag-10-25","tag-3711","tag-decyzja","tag-decyzja-prezydium","tag-prezydium"],"_links":{"self":[{"href":"https:\/\/www.solidarnosc.org.pl\/dok\/wp-json\/wp\/v2\/posts\/12872","targetHints":{"allow":["GET"]}}],"collection":[{"href":"https:\/\/www.solidarnosc.org.pl\/dok\/wp-json\/wp\/v2\/posts"}],"about":[{"href":"https:\/\/www.solidarnosc.org.pl\/dok\/wp-json\/wp\/v2\/types\/post"}],"author":[{"embeddable":true,"href":"https:\/\/www.solidarnosc.org.pl\/dok\/wp-json\/wp\/v2\/users\/3"}],"replies":[{"embeddable":true,"href":"https:\/\/www.solidarnosc.org.pl\/dok\/wp-json\/wp\/v2\/comments?post=12872"}],"version-history":[{"count":1,"href":"https:\/\/www.solidarnosc.org.pl\/dok\/wp-json\/wp\/v2\/posts\/12872\/revisions"}],"predecessor-version":[{"id":12874,"href":"https:\/\/www.solidarnosc.org.pl\/dok\/wp-json\/wp\/v2\/posts\/12872\/revisions\/12874"}],"wp:attachment":[{"href":"https:\/\/www.solidarnosc.org.pl\/dok\/wp-json\/wp\/v2\/media?parent=12872"}],"wp:term":[{"taxonomy":"category","embeddable":true,"href":"https:\/\/www.solidarnosc.org.pl\/dok\/wp-json\/wp\/v2\/categories?post=12872"},{"taxonomy":"post_tag","embeddable":true,"href":"https:\/\/www.solidarnosc.org.pl\/dok\/wp-json\/wp\/v2\/tags?post=12872"}],"curies":[{"name":"wp","href":"https:\/\/api.w.org\/{rel}","templated":true}]}}