{"id":12851,"date":"2025-01-14T15:03:19","date_gmt":"2025-01-14T14:03:19","guid":{"rendered":"https:\/\/www.solidarnosc.org.pl\/dok\/?p=12851"},"modified":"2025-01-16T15:09:04","modified_gmt":"2025-01-16T14:09:04","slug":"decyzja-prezydium-kk-nr-5-25-ws-projektu-ustawy-mrpips-o-asystencji-osobistej-osob-z-niepelnosprawnosciami","status":"publish","type":"post","link":"https:\/\/www.solidarnosc.org.pl\/dok\/2025\/01\/14\/decyzja-prezydium-kk-nr-5-25-ws-projektu-ustawy-mrpips-o-asystencji-osobistej-osob-z-niepelnosprawnosciami\/","title":{"rendered":"Decyzja Prezydium KK nr 5\/25 ws. projektu ustawy MRPiPS o asystencji osobistej os\u00f3b z niepe\u0142nosprawno\u015bciami"},"content":{"rendered":"<p style=\"text-align: justify;\">Prezydium Komisji Krajowej NSZZ \u201eSolidarno\u015b\u0107\u201d pozytywnie opiniuje kierunek rozwi\u0105za\u0144 zaproponowanych w projekcie ustawy Ministra Rodziny, Pracy i Polityki Spo\u0142ecznej z dnia 9 grudnia 2024 r. o asystencji osobistej os\u00f3b z niepe\u0142nosprawno\u015bciami.<\/p>\n<p style=\"text-align: justify;\">Opiniowany projekt ustawy zawiera wyczekiwane przepisy maj\u0105ce zwi\u0119kszy\u0107 dost\u0119p do us\u0142ug wspieraj\u0105cych osoby z niepe\u0142nosprawno\u015bciami w prowadzeniu samodzielnego \u017cycia. Ponadto wprowadzenie asystencji osobistej pozwoli podj\u0105\u0107 aktywno\u015b\u0107 zawodow\u0105 cz\u0119\u015bci opiekun\u00f3w. Istniej\u0105ce do tej pory rozwi\u0105zania nie zapewniaj\u0105 trwa\u0142ych i powszechnych warunk\u00f3w realizacji takiej us\u0142ugi, poniewa\u017c maj\u0105 one charakter konkursowy lub tylko regionalny &#8211; s\u0105 realizowane na podstawie program\u00f3w Ministerstwa Rodziny, Pracy i Polityki Spo\u0142ecznej tylko przez niekt\u00f3re samorz\u0105dy i organizacje pozarz\u0105dowe i nie maj\u0105 sta\u0142ego finansowania. Projektowana ustawa realizuje postulaty zg\u0142aszane od wielu lat przez NSZZ \u201eSolidarno\u015b\u0107\u201d w tej materii.<\/p>\n<p style=\"text-align: justify;\">Prezydium KK NSZZ \u201eSolidarno\u015b\u0107\u201d przedstawia nast\u0119puj\u0105ce uwagi szczeg\u00f3\u0142owe:<\/p>\n<p style=\"text-align: justify;\">Podstawowym warunkiem przyznania pomocy asystenckiej ma by\u0107 posiadanie decyzji ustalaj\u0105cej potrzeb\u0119 wsparcia na poziomie minimum 80 pkt w licz\u0105cej 100 pkt specjalnej skali tzw. skali potrzeby wsparcia. Zatem wiele os\u00f3b z niepe\u0142nosprawno\u015bciami nie otrzyma wsparcia, np. wi\u0119kszo\u015b\u0107 os\u00f3b niewidomych ze znacznym orzeczeniem o niepe\u0142nosprawno\u015bci otrzymuje od 60 do 79 punkt\u00f3w. Zdaniem Prezydium KK, nale\u017cy r\u00f3wnie\u017c przewidzie\u0107 ofert\u0119 asystenta dla os\u00f3b, kt\u00f3re otrzymaj\u0105 poni\u017cej 80 punkt\u00f3w w skali potrzeb wsparcia.<\/p>\n<p style=\"text-align: justify;\">W\u0105tpliwo\u015bci budzi r\u00f3wnie\u017c okre\u015blenie grupy wiekowej uprawnionej do asystencji osobistej. Z us\u0142ug asystenta nie b\u0119d\u0105 mog\u0142y skorzysta\u0107 dzieci poni\u017cej 13 roku \u017cycia oraz osoby powy\u017cej 65 roku \u017cycia, co trudno uzasadni\u0107, gdy\u017c niepe\u0142nosprawno\u015b\u0107 nie ustaje z wiekiem. Dlatego zdaniem Prezydium KK nale\u017cy usun\u0105\u0107 g\u00f3rn\u0105 wiekow\u0105 granic\u0119 mo\u017cliwo\u015bci skorzystania z us\u0142ug asystencji osobistej, co umo\u017cliwi lepsze dostosowanie systemu do realnych potrzeb spo\u0142ecznych i unikni\u0119cie sytuacji, w kt\u00f3rych osoby najbardziej potrzebuj\u0105ce zostan\u0105 pozbawione mo\u017cliwo\u015bci uzyskania pomocy.<\/p>\n<p style=\"text-align: justify;\">Kolejna kwestia to zaproponowany maksymalny wymiar czasu pracy asystenta, wynosz\u0105cy 240 godzin miesi\u0119cznie. W przypadku cz\u0119\u015bci os\u00f3b z niepe\u0142nosprawno\u015bciami, kt\u00f3re wymagaj\u0105 sta\u0142ego wsparcia przez ca\u0142\u0105 dob\u0119, siedem dni w tygodniu, taka liczba godzin mo\u017ce by\u0107 niewystarczaj\u0105ca. Ilo\u015b\u0107 takich os\u00f3b jest stosunkowo nieliczna dlatego nale\u017cy rozwa\u017cy\u0107 zwi\u0119kszenie liczby godzin asystencji specjalnie dla tej grupy, aby nowy system pomocy by\u0142 dla nich realnym wsparciem.<\/p>\n<p style=\"text-align: justify;\">Projekt opiniowanej ustawy zak\u0142ada, \u017ce asystentem osoby z niepe\u0142nosprawno\u015bci\u0105 nie b\u0119dzie m\u00f3g\u0142 zosta\u0107 cz\u0142onek rodziny. Co do zasady ograniczenie to nale\u017cy oceni\u0107 jako uzasadnione, poniewa\u017c w praktyce trudno jest pogodzi\u0107 relacj\u0119 rodzinn\u0105 z profesjonaln\u0105 relacj\u0105 asystenck\u0105. Asystencja ma zapewnia\u0107 niezale\u017cne \u017cycie zar\u00f3wno dla osoby z niepe\u0142nosprawno\u015bci\u0105 jak i dla rodziny tej osoby. Niemniej jednak wydaje si\u0119, \u017ce od tej zasady powinny zosta\u0107 przewidziane wyj\u0105tki, na przyk\u0142ad w przypadku os\u00f3b z g\u0142\u0119bok\u0105 niepe\u0142nosprawno\u015bci\u0105 sprz\u0119\u017con\u0105, mo\u017ce si\u0119 zdarzy\u0107, \u017ce ze wzgl\u0119du na brak zaufania i strach wobec os\u00f3b spoza rodziny wyb\u00f3r asystenta innego jak krewny b\u0119dzie niemo\u017cliwy. Problemem mo\u017ce by\u0107 r\u00f3wnie\u017c kwestia braku ch\u0119tnych do pracy asystent\u00f3w przy niekt\u00f3rych schorzeniach (np. trudne zachowania, wysoki stopie\u0144 niepe\u0142nosprawno\u015bci) oraz niedost\u0119pno\u015b\u0107 asystent\u00f3w w ma\u0142ych miejscowo\u015bciach a co za tym idzie godziny asystenckie wykonywane przez krewnego w wyj\u0105tkowych sytuacjach mog\u0105 by\u0107 zasadne.<\/p>\n<p style=\"text-align: justify;\">Prezydium KK NSZZ \u201eSolidarno\u015b\u0107\u201d uwa\u017ca, \u017ce ustawa o asystencji osobistej jest jedn\u0105 z najbardziej oczekiwanych przez \u015brodowisko os\u00f3b z niepe\u0142nosprawno\u015bci\u0105 i ich opiekun\u00f3w dlatego przy uwzgl\u0119dnieniu powy\u017cszych uwag powinna wej\u015b\u0107 w \u017cycie w jak najkr\u00f3tszym terminie.<\/p>\n","protected":false},"excerpt":{"rendered":"<p>Prezydium Komisji Krajowej NSZZ \u201eSolidarno\u015b\u0107\u201d pozytywnie opiniuje kierunek rozwi\u0105za\u0144 zaproponowanych w projekcie ustawy Ministra Rodziny, Pracy i Polityki Spo\u0142ecznej z dnia 9 grudnia 2024 r. o asystencji osobistej os\u00f3b z niepe\u0142nosprawno\u015bciami. Opiniowany projekt ustawy zawiera wyczekiwane przepisy maj\u0105ce zwi\u0119kszy\u0107 dost\u0119p do us\u0142ug wspieraj\u0105cych osoby z niepe\u0142nosprawno\u015bciami w prowadzeniu samodzielnego \u017cycia. Ponadto wprowadzenie asystencji osobistej pozwoli [&hellip;]<\/p>\n","protected":false},"author":3,"featured_media":0,"comment_status":"closed","ping_status":"closed","sticky":false,"template":"","format":"standard","meta":{"footnotes":""},"categories":[3713],"tags":[3711,3717,61,536,534],"class_list":["post-12851","post","type-post","status-publish","format-standard","hentry","category-2025prezydium","tag-3711","tag-5-25","tag-decyzja","tag-decyzja-prezydium","tag-prezydium"],"_links":{"self":[{"href":"https:\/\/www.solidarnosc.org.pl\/dok\/wp-json\/wp\/v2\/posts\/12851","targetHints":{"allow":["GET"]}}],"collection":[{"href":"https:\/\/www.solidarnosc.org.pl\/dok\/wp-json\/wp\/v2\/posts"}],"about":[{"href":"https:\/\/www.solidarnosc.org.pl\/dok\/wp-json\/wp\/v2\/types\/post"}],"author":[{"embeddable":true,"href":"https:\/\/www.solidarnosc.org.pl\/dok\/wp-json\/wp\/v2\/users\/3"}],"replies":[{"embeddable":true,"href":"https:\/\/www.solidarnosc.org.pl\/dok\/wp-json\/wp\/v2\/comments?post=12851"}],"version-history":[{"count":1,"href":"https:\/\/www.solidarnosc.org.pl\/dok\/wp-json\/wp\/v2\/posts\/12851\/revisions"}],"predecessor-version":[{"id":12853,"href":"https:\/\/www.solidarnosc.org.pl\/dok\/wp-json\/wp\/v2\/posts\/12851\/revisions\/12853"}],"wp:attachment":[{"href":"https:\/\/www.solidarnosc.org.pl\/dok\/wp-json\/wp\/v2\/media?parent=12851"}],"wp:term":[{"taxonomy":"category","embeddable":true,"href":"https:\/\/www.solidarnosc.org.pl\/dok\/wp-json\/wp\/v2\/categories?post=12851"},{"taxonomy":"post_tag","embeddable":true,"href":"https:\/\/www.solidarnosc.org.pl\/dok\/wp-json\/wp\/v2\/tags?post=12851"}],"curies":[{"name":"wp","href":"https:\/\/api.w.org\/{rel}","templated":true}]}}