{"id":1282,"date":"2012-01-23T11:40:25","date_gmt":"2012-01-23T10:40:25","guid":{"rendered":"http:\/\/www.solidarnosc.org.pl\/dok\/?p=1282"},"modified":"2012-10-04T08:54:51","modified_gmt":"2012-10-04T06:54:51","slug":"decyzja-prezydium-kk-nr-72012-ws-podejmowania-zobowiazan-finansowych-przez-nszz-solidarnosc-na-rzecz-projektu-konstruktywny-dialog-ii-mediacje-i-negocjacje-dla","status":"publish","type":"post","link":"https:\/\/www.solidarnosc.org.pl\/dok\/2012\/01\/23\/decyzja-prezydium-kk-nr-72012-ws-podejmowania-zobowiazan-finansowych-przez-nszz-solidarnosc-na-rzecz-projektu-konstruktywny-dialog-ii-mediacje-i-negocjacje-dla\/","title":{"rendered":"Decyzja Prezydium KK nr 7\/2012 ws. podejmowania zobowi\u0105za\u0144 finansowych przez NSZZ \u201eSolidarno\u015b\u0107\u201d na rzecz projektu  \u201eKonstruktywny dialog II \u2013 mediacje i negocjacje dla cz\u0142onk\u00f3w NSZZ \u201eSolidarno\u015b\u0107\u201d\u201d"},"content":{"rendered":"<p style=\"text-align: center;\"><strong><span style=\"color: #ff0000;\">Decyzja do u\u017cytku s\u0142u\u017cbowego <\/span><\/strong><\/p>\n<p style=\"text-align: center;\"><strong><span style=\"color: #ff0000;\">Decyzja nr 7\/12 zosta\u0142a anulowana Decyzj\u0105 Prezydium KK nr 58\/12 z dnia 11.4.2012 r.<\/span><\/strong><\/p>\n","protected":false},"excerpt":{"rendered":"<p>Decyzja do u\u017cytku s\u0142u\u017cbowego Decyzja nr 7\/12 zosta\u0142a anulowana Decyzj\u0105 Prezydium KK nr 58\/12 z dnia 11.4.2012 r.<\/p>\n","protected":false},"author":3,"featured_media":0,"comment_status":"closed","ping_status":"closed","sticky":false,"template":"","format":"standard","meta":{"footnotes":""},"categories":[48,9],"tags":[195,201,61,536,534],"class_list":["post-1282","post","type-post","status-publish","format-standard","hentry","category-2012prezydium","category-dokprez","tag-195","tag-7-2012","tag-decyzja","tag-decyzja-prezydium","tag-prezydium"],"_links":{"self":[{"href":"https:\/\/www.solidarnosc.org.pl\/dok\/wp-json\/wp\/v2\/posts\/1282","targetHints":{"allow":["GET"]}}],"collection":[{"href":"https:\/\/www.solidarnosc.org.pl\/dok\/wp-json\/wp\/v2\/posts"}],"about":[{"href":"https:\/\/www.solidarnosc.org.pl\/dok\/wp-json\/wp\/v2\/types\/post"}],"author":[{"embeddable":true,"href":"https:\/\/www.solidarnosc.org.pl\/dok\/wp-json\/wp\/v2\/users\/3"}],"replies":[{"embeddable":true,"href":"https:\/\/www.solidarnosc.org.pl\/dok\/wp-json\/wp\/v2\/comments?post=1282"}],"version-history":[{"count":2,"href":"https:\/\/www.solidarnosc.org.pl\/dok\/wp-json\/wp\/v2\/posts\/1282\/revisions"}],"predecessor-version":[{"id":1469,"href":"https:\/\/www.solidarnosc.org.pl\/dok\/wp-json\/wp\/v2\/posts\/1282\/revisions\/1469"}],"wp:attachment":[{"href":"https:\/\/www.solidarnosc.org.pl\/dok\/wp-json\/wp\/v2\/media?parent=1282"}],"wp:term":[{"taxonomy":"category","embeddable":true,"href":"https:\/\/www.solidarnosc.org.pl\/dok\/wp-json\/wp\/v2\/categories?post=1282"},{"taxonomy":"post_tag","embeddable":true,"href":"https:\/\/www.solidarnosc.org.pl\/dok\/wp-json\/wp\/v2\/tags?post=1282"}],"curies":[{"name":"wp","href":"https:\/\/api.w.org\/{rel}","templated":true}]}}