{"id":12793,"date":"2024-12-10T13:54:39","date_gmt":"2024-12-10T12:54:39","guid":{"rendered":"https:\/\/www.solidarnosc.org.pl\/dok\/?p=12793"},"modified":"2024-12-16T13:06:06","modified_gmt":"2024-12-16T12:06:06","slug":"stanowisko-kk-nr-9-24-ws-wprowadzenia-przez-men-edukacji-zdrowotnej","status":"publish","type":"post","link":"https:\/\/www.solidarnosc.org.pl\/dok\/2024\/12\/10\/stanowisko-kk-nr-9-24-ws-wprowadzenia-przez-men-edukacji-zdrowotnej\/","title":{"rendered":"Stanowisko KK nr 9\/24 ws. wprowadzenia przez MEN edukacji zdrowotnej"},"content":{"rendered":"<p style=\"text-align: justify;\">Komisja Krajowa NSZZ \u201eSolidarno\u015b\u0107\u201d wyra\u017ca sprzeciw wobec plan\u00f3w wprowadzenia przez Ministerstwo Edukacji Narodowej, pocz\u0105wszy od roku szkolnego 2025\/26 obowi\u0105zkowego, nowego przedmiotu: edukacja zdrowotna.<\/p>\n<p style=\"text-align: justify;\">Pomys\u0142 rozszerzenia katalogu obligatoryjnych przedmiot\u00f3w o kolejny zwi\u0119ksza i tak wysokie obci\u0105\u017cenie godzinowe uczni\u00f3w oraz wymaga wykwalifikowanej kadry pedagogicznej, kt\u00f3rej obecnie brak. Obawy budzi mo\u017cliwo\u015b\u0107 ideologizacji tre\u015bci edukacji zdrowotnej. Wprowadzenie przedmiotu jako obowi\u0105zkowego narusza konstytucyjne prawa rodzic\u00f3w do wychowania dzieci zgodnie z w\u0142asnym \u015bwiatopogl\u0105dem.<\/p>\n<p style=\"text-align: justify;\">W opinii Komisji Krajowej NSZZ \u201eSolidarno\u015b\u0107\u201d tre\u015bci dotycz\u0105ce zdrowia nale\u017cy zintegrowa\u0107 z innymi przedmiotami, takimi jak biologia, wychowanie fizyczne, wychowanie do \u017cycia w rodzinie czy godzina wychowawcza, co pozwoli unikn\u0105\u0107 obci\u0105\u017cania uczni\u00f3w dodatkowymi godzinami.<\/p>\n<p style=\"text-align: justify;\">W dobie powszechnego, nieograniczonego dost\u0119pu do informacji, w tym tre\u015bci propaguj\u0105cych edukacj\u0119 zdrowotn\u0105 w ka\u017cdym jej aspekcie, problemem nie jest brak wiedzy czy dost\u0119pu do niej, ale brak praktycznego jej zastosowania.<\/p>\n<p style=\"text-align: justify;\">Do\u015bwiadczenia innych kraj\u00f3w, kt\u00f3re zdecydowa\u0142y si\u0119 na wprowadzenie obowi\u0105zkowej edukacji zdrowotnej, takich jak np. Austria, Wielka Brytania, Chorwacja i Niemcy, nie przynios\u0142y oczekiwanych rezultat\u00f3w w postaci znacz\u0105cej poprawy zdrowia m\u0142odzie\u017cy.<\/p>\n<p style=\"text-align: justify;\">Komisja Krajowa NSZZ \u201eSolidarno\u015b\u0107\u201d wzywa do dzia\u0142a\u0144, kt\u00f3re doprowadz\u0105 do poprawy efektywno\u015bci realizowanych podstaw programowych istniej\u0105cych przedmiot\u00f3w oraz wspierania inicjatyw promuj\u0105cych zdrowy styl \u017cycia poza formalnym systemem nauczania.<\/p>\n","protected":false},"excerpt":{"rendered":"<p>Komisja Krajowa NSZZ \u201eSolidarno\u015b\u0107\u201d wyra\u017ca sprzeciw wobec plan\u00f3w wprowadzenia przez Ministerstwo Edukacji Narodowej, pocz\u0105wszy od roku szkolnego 2025\/26 obowi\u0105zkowego, nowego przedmiotu: edukacja zdrowotna. Pomys\u0142 rozszerzenia katalogu obligatoryjnych przedmiot\u00f3w o kolejny zwi\u0119ksza i tak wysokie obci\u0105\u017cenie godzinowe uczni\u00f3w oraz wymaga wykwalifikowanej kadry pedagogicznej, kt\u00f3rej obecnie brak. Obawy budzi mo\u017cliwo\u015b\u0107 ideologizacji tre\u015bci edukacji zdrowotnej. Wprowadzenie przedmiotu jako [&hellip;]<\/p>\n","protected":false},"author":3,"featured_media":0,"comment_status":"closed","ping_status":"closed","sticky":false,"template":"","format":"standard","meta":{"footnotes":""},"categories":[3344],"tags":[3378,3387,98,63],"class_list":["post-12793","post","type-post","status-publish","format-standard","hentry","category-2024-kk","tag-3378","tag-9-24","tag-kk","tag-stanowisko"],"_links":{"self":[{"href":"https:\/\/www.solidarnosc.org.pl\/dok\/wp-json\/wp\/v2\/posts\/12793","targetHints":{"allow":["GET"]}}],"collection":[{"href":"https:\/\/www.solidarnosc.org.pl\/dok\/wp-json\/wp\/v2\/posts"}],"about":[{"href":"https:\/\/www.solidarnosc.org.pl\/dok\/wp-json\/wp\/v2\/types\/post"}],"author":[{"embeddable":true,"href":"https:\/\/www.solidarnosc.org.pl\/dok\/wp-json\/wp\/v2\/users\/3"}],"replies":[{"embeddable":true,"href":"https:\/\/www.solidarnosc.org.pl\/dok\/wp-json\/wp\/v2\/comments?post=12793"}],"version-history":[{"count":2,"href":"https:\/\/www.solidarnosc.org.pl\/dok\/wp-json\/wp\/v2\/posts\/12793\/revisions"}],"predecessor-version":[{"id":12813,"href":"https:\/\/www.solidarnosc.org.pl\/dok\/wp-json\/wp\/v2\/posts\/12793\/revisions\/12813"}],"wp:attachment":[{"href":"https:\/\/www.solidarnosc.org.pl\/dok\/wp-json\/wp\/v2\/media?parent=12793"}],"wp:term":[{"taxonomy":"category","embeddable":true,"href":"https:\/\/www.solidarnosc.org.pl\/dok\/wp-json\/wp\/v2\/categories?post=12793"},{"taxonomy":"post_tag","embeddable":true,"href":"https:\/\/www.solidarnosc.org.pl\/dok\/wp-json\/wp\/v2\/tags?post=12793"}],"curies":[{"name":"wp","href":"https:\/\/api.w.org\/{rel}","templated":true}]}}