{"id":1279,"date":"2012-01-23T11:38:03","date_gmt":"2012-01-23T10:38:03","guid":{"rendered":"http:\/\/www.solidarnosc.org.pl\/dok\/?p=1279"},"modified":"2012-10-03T11:40:10","modified_gmt":"2012-10-03T09:40:10","slug":"decyzja-prezydium-kk-nr-62012-ws-opinii-o-poselskim-sld-projekcie-ustawy-o-zmianie-ustawy-o-minimalnym-wynagrodzeniu-za-prace","status":"publish","type":"post","link":"https:\/\/www.solidarnosc.org.pl\/dok\/2012\/01\/23\/decyzja-prezydium-kk-nr-62012-ws-opinii-o-poselskim-sld-projekcie-ustawy-o-zmianie-ustawy-o-minimalnym-wynagrodzeniu-za-prace\/","title":{"rendered":"Decyzja Prezydium KK nr 6\/2012 ws. opinii o poselskim (SLD) projekcie ustawy o zmianie ustawy o minimalnym wynagrodzeniu za prac\u0119"},"content":{"rendered":"<p style=\"text-align: justify;\">Prezydium Komisji Krajowej NSZZ \u201eSolidarno\u015b\u0107\u201d nie wnosi uwag do projektu (Sojusz Lewicy Demokratycznej) <em>ustawy o zmianie ustawy o minimalnym wynagrodzeniu za prac\u0119<\/em>. Przedmiotowy projekt jest propozycj\u0105 realizacji punktu 5 \u201ePakietu dzia\u0142a\u0144 antykryzysowych\u201d, przyj\u0119tego na forum Tr\u00f3jstronnej Komisji do Spraw Spo\u0142eczno \u2013 Gospodarczych, tj. osi\u0105gni\u0119cie przez minimalne wynagrodzenie za prac\u0119 poziomu<br \/>\n50% przeci\u0119tnego wynagrodzenia.<\/p>\n","protected":false},"excerpt":{"rendered":"<p>Prezydium Komisji Krajowej NSZZ \u201eSolidarno\u015b\u0107\u201d nie wnosi uwag do projektu (Sojusz Lewicy Demokratycznej) ustawy o zmianie ustawy o minimalnym wynagrodzeniu za prac\u0119. Przedmiotowy projekt jest propozycj\u0105 realizacji punktu 5 \u201ePakietu dzia\u0142a\u0144 antykryzysowych\u201d, przyj\u0119tego na forum Tr\u00f3jstronnej Komisji do Spraw Spo\u0142eczno \u2013 Gospodarczych, tj. osi\u0105gni\u0119cie przez minimalne wynagrodzenie za prac\u0119 poziomu 50% przeci\u0119tnego wynagrodzenia.<\/p>\n","protected":false},"author":3,"featured_media":0,"comment_status":"closed","ping_status":"closed","sticky":false,"template":"","format":"standard","meta":{"footnotes":""},"categories":[48,9],"tags":[195,202,61,536,534],"class_list":["post-1279","post","type-post","status-publish","format-standard","hentry","category-2012prezydium","category-dokprez","tag-195","tag-6-2012","tag-decyzja","tag-decyzja-prezydium","tag-prezydium"],"_links":{"self":[{"href":"https:\/\/www.solidarnosc.org.pl\/dok\/wp-json\/wp\/v2\/posts\/1279","targetHints":{"allow":["GET"]}}],"collection":[{"href":"https:\/\/www.solidarnosc.org.pl\/dok\/wp-json\/wp\/v2\/posts"}],"about":[{"href":"https:\/\/www.solidarnosc.org.pl\/dok\/wp-json\/wp\/v2\/types\/post"}],"author":[{"embeddable":true,"href":"https:\/\/www.solidarnosc.org.pl\/dok\/wp-json\/wp\/v2\/users\/3"}],"replies":[{"embeddable":true,"href":"https:\/\/www.solidarnosc.org.pl\/dok\/wp-json\/wp\/v2\/comments?post=1279"}],"version-history":[{"count":1,"href":"https:\/\/www.solidarnosc.org.pl\/dok\/wp-json\/wp\/v2\/posts\/1279\/revisions"}],"predecessor-version":[{"id":1281,"href":"https:\/\/www.solidarnosc.org.pl\/dok\/wp-json\/wp\/v2\/posts\/1279\/revisions\/1281"}],"wp:attachment":[{"href":"https:\/\/www.solidarnosc.org.pl\/dok\/wp-json\/wp\/v2\/media?parent=1279"}],"wp:term":[{"taxonomy":"category","embeddable":true,"href":"https:\/\/www.solidarnosc.org.pl\/dok\/wp-json\/wp\/v2\/categories?post=1279"},{"taxonomy":"post_tag","embeddable":true,"href":"https:\/\/www.solidarnosc.org.pl\/dok\/wp-json\/wp\/v2\/tags?post=1279"}],"curies":[{"name":"wp","href":"https:\/\/api.w.org\/{rel}","templated":true}]}}