{"id":12786,"date":"2024-12-10T13:36:59","date_gmt":"2024-12-10T12:36:59","guid":{"rendered":"https:\/\/www.solidarnosc.org.pl\/dok\/?p=12786"},"modified":"2024-12-13T14:25:41","modified_gmt":"2024-12-13T13:25:41","slug":"uchwala-kk-nr-26-24-ws-aktualizacji-uchwaly-kk-nr-15-22-ws-wzoru-deklaracji-czlonkowskiejnszz-solidarnosc","status":"publish","type":"post","link":"https:\/\/www.solidarnosc.org.pl\/dok\/2024\/12\/10\/uchwala-kk-nr-26-24-ws-aktualizacji-uchwaly-kk-nr-15-22-ws-wzoru-deklaracji-czlonkowskiejnszz-solidarnosc\/","title":{"rendered":"Uchwa\u0142a KK nr 26\/24 ws. aktualizacji Uchwa\u0142y KK nr 15\/22 ws. wzoru deklaracji cz\u0142onkowskiej NSZZ \u201eSolidarno\u015b\u0107\u201d"},"content":{"rendered":"<p style=\"text-align: justify;\">Komisja Krajowa NSZZ \u201eSolidarno\u015b\u0107\u201d wprowadza aktualizacj\u0119 Uchwa\u0142y KK<br \/>\nnr 15\/22 \u2013 jednolity wz\u00f3r zg\u0142oszenia wraz z klauzul\u0105 informacyjn\u0105 (tzw. RODO), stanowi\u0105cy potwierdzenie przynale\u017cno\u015bci do NSZZ \u201eSolidarno\u015b\u0107\u201d.<br \/>\nWz\u00f3r zg\u0142oszenia stanowi za\u0142\u0105cznik do niniejszej Uchwa\u0142y Komisji Krajowej.<\/p>\n<p style=\"text-align: justify;\">Uchwa\u0142a wchodzi w \u017cycie z dniem podj\u0119cia.<\/p>\n","protected":false},"excerpt":{"rendered":"<p>Komisja Krajowa NSZZ \u201eSolidarno\u015b\u0107\u201d wprowadza aktualizacj\u0119 Uchwa\u0142y KK nr 15\/22 \u2013 jednolity wz\u00f3r zg\u0142oszenia wraz z klauzul\u0105 informacyjn\u0105 (tzw. RODO), stanowi\u0105cy potwierdzenie przynale\u017cno\u015bci do NSZZ \u201eSolidarno\u015b\u0107\u201d. Wz\u00f3r zg\u0142oszenia stanowi za\u0142\u0105cznik do niniejszej Uchwa\u0142y Komisji Krajowej. Uchwa\u0142a wchodzi w \u017cycie z dniem podj\u0119cia.<\/p>\n","protected":false},"author":3,"featured_media":0,"comment_status":"closed","ping_status":"closed","sticky":false,"template":"","format":"standard","meta":{"footnotes":""},"categories":[3344],"tags":[3378,3404,98,62,2638],"class_list":["post-12786","post","type-post","status-publish","format-standard","hentry","category-2024-kk","tag-3378","tag-26-24","tag-kk","tag-uchwala","tag-uchwala-kzd"],"_links":{"self":[{"href":"https:\/\/www.solidarnosc.org.pl\/dok\/wp-json\/wp\/v2\/posts\/12786","targetHints":{"allow":["GET"]}}],"collection":[{"href":"https:\/\/www.solidarnosc.org.pl\/dok\/wp-json\/wp\/v2\/posts"}],"about":[{"href":"https:\/\/www.solidarnosc.org.pl\/dok\/wp-json\/wp\/v2\/types\/post"}],"author":[{"embeddable":true,"href":"https:\/\/www.solidarnosc.org.pl\/dok\/wp-json\/wp\/v2\/users\/3"}],"replies":[{"embeddable":true,"href":"https:\/\/www.solidarnosc.org.pl\/dok\/wp-json\/wp\/v2\/comments?post=12786"}],"version-history":[{"count":2,"href":"https:\/\/www.solidarnosc.org.pl\/dok\/wp-json\/wp\/v2\/posts\/12786\/revisions"}],"predecessor-version":[{"id":12801,"href":"https:\/\/www.solidarnosc.org.pl\/dok\/wp-json\/wp\/v2\/posts\/12786\/revisions\/12801"}],"wp:attachment":[{"href":"https:\/\/www.solidarnosc.org.pl\/dok\/wp-json\/wp\/v2\/media?parent=12786"}],"wp:term":[{"taxonomy":"category","embeddable":true,"href":"https:\/\/www.solidarnosc.org.pl\/dok\/wp-json\/wp\/v2\/categories?post=12786"},{"taxonomy":"post_tag","embeddable":true,"href":"https:\/\/www.solidarnosc.org.pl\/dok\/wp-json\/wp\/v2\/tags?post=12786"}],"curies":[{"name":"wp","href":"https:\/\/api.w.org\/{rel}","templated":true}]}}