{"id":12770,"date":"2024-12-06T11:32:29","date_gmt":"2024-12-06T10:32:29","guid":{"rendered":"https:\/\/www.solidarnosc.org.pl\/dok\/?p=12770"},"modified":"2024-12-06T11:32:29","modified_gmt":"2024-12-06T10:32:29","slug":"decyzja-prezydium-kk-nr-159-24-ws-wyrazenia-zgody-na-uzycie-nazwy-i-znaku-graficznego-nszz-solidarnosc","status":"publish","type":"post","link":"https:\/\/www.solidarnosc.org.pl\/dok\/2024\/12\/06\/decyzja-prezydium-kk-nr-159-24-ws-wyrazenia-zgody-na-uzycie-nazwy-i-znaku-graficznego-nszz-solidarnosc\/","title":{"rendered":"Decyzja Prezydium KK nr 159\/24 ws. wyra\u017cenia zgody na u\u017cycie nazwy i znaku graficznego NSZZ \u201eSolidarno\u015b\u0107\u201d"},"content":{"rendered":"<p style=\"text-align: justify;\">Prezydium Komisji Krajowej NSZZ \u201eSolidarno\u015b\u0107\u201d, na wniosek Zarz\u0105du Regionu Mazowsze NSZZ \u201eSolidarno\u015b\u0107\u201d z\u0142o\u017cony w imieniu brata Andrzeja \u015awitalskiego z Zakonu Rycerzy Jana Paw\u0142a II, wyra\u017ca zgod\u0119 na u\u017cycie nazwy i znaku graficznego NSZZ \u201eSolidarno\u015b\u0107\u201d na ok\u0142adce Rycerskiego Kalendarza Patriotycznego.<\/p>\n<p>&nbsp;<\/p>\n","protected":false},"excerpt":{"rendered":"<p>Prezydium Komisji Krajowej NSZZ \u201eSolidarno\u015b\u0107\u201d, na wniosek Zarz\u0105du Regionu Mazowsze NSZZ \u201eSolidarno\u015b\u0107\u201d z\u0142o\u017cony w imieniu brata Andrzeja \u015awitalskiego z Zakonu Rycerzy Jana Paw\u0142a II, wyra\u017ca zgod\u0119 na u\u017cycie nazwy i znaku graficznego NSZZ \u201eSolidarno\u015b\u0107\u201d na ok\u0142adce Rycerskiego Kalendarza Patriotycznego. &nbsp;<\/p>\n","protected":false},"author":3,"featured_media":0,"comment_status":"closed","ping_status":"closed","sticky":false,"template":"","format":"standard","meta":{"footnotes":""},"categories":[3345],"tags":[3709,3378,61,536,534],"class_list":["post-12770","post","type-post","status-publish","format-standard","hentry","category-2024prezydium","tag-159-24","tag-3378","tag-decyzja","tag-decyzja-prezydium","tag-prezydium"],"_links":{"self":[{"href":"https:\/\/www.solidarnosc.org.pl\/dok\/wp-json\/wp\/v2\/posts\/12770","targetHints":{"allow":["GET"]}}],"collection":[{"href":"https:\/\/www.solidarnosc.org.pl\/dok\/wp-json\/wp\/v2\/posts"}],"about":[{"href":"https:\/\/www.solidarnosc.org.pl\/dok\/wp-json\/wp\/v2\/types\/post"}],"author":[{"embeddable":true,"href":"https:\/\/www.solidarnosc.org.pl\/dok\/wp-json\/wp\/v2\/users\/3"}],"replies":[{"embeddable":true,"href":"https:\/\/www.solidarnosc.org.pl\/dok\/wp-json\/wp\/v2\/comments?post=12770"}],"version-history":[{"count":1,"href":"https:\/\/www.solidarnosc.org.pl\/dok\/wp-json\/wp\/v2\/posts\/12770\/revisions"}],"predecessor-version":[{"id":12772,"href":"https:\/\/www.solidarnosc.org.pl\/dok\/wp-json\/wp\/v2\/posts\/12770\/revisions\/12772"}],"wp:attachment":[{"href":"https:\/\/www.solidarnosc.org.pl\/dok\/wp-json\/wp\/v2\/media?parent=12770"}],"wp:term":[{"taxonomy":"category","embeddable":true,"href":"https:\/\/www.solidarnosc.org.pl\/dok\/wp-json\/wp\/v2\/categories?post=12770"},{"taxonomy":"post_tag","embeddable":true,"href":"https:\/\/www.solidarnosc.org.pl\/dok\/wp-json\/wp\/v2\/tags?post=12770"}],"curies":[{"name":"wp","href":"https:\/\/api.w.org\/{rel}","templated":true}]}}