{"id":1276,"date":"2012-01-12T11:31:17","date_gmt":"2012-01-12T10:31:17","guid":{"rendered":"http:\/\/www.solidarnosc.org.pl\/dok\/?p=1276"},"modified":"2012-10-03T11:37:14","modified_gmt":"2012-10-03T09:37:14","slug":"decyzja-prezydium-kk-nr-52012-wykonania-uprawnien-fundatora-w-fundacji-promocji-solidarnosci","status":"publish","type":"post","link":"https:\/\/www.solidarnosc.org.pl\/dok\/2012\/01\/12\/decyzja-prezydium-kk-nr-52012-wykonania-uprawnien-fundatora-w-fundacji-promocji-solidarnosci\/","title":{"rendered":"Decyzja Prezydium KK nr 5\/2012 Wykonania uprawnie\u0144 fundatora w Fundacji Promocji Solidarno\u015bci"},"content":{"rendered":"<p style=\"text-align: justify;\">Prezydium Komisji Krajowej NSZZ &#8222;Solidarno\u015b\u0107&#8221; na podstawie uchwa\u0142y KK nr 24\/11 z dnia 15 listopada 2011 r., przyjmuje zmiany w Statucie Fundacji Promocji Solidarno\u015bci stanowi\u0105ce za\u0142\u0105cznik do niniejszej decyzji.<\/p>\n","protected":false},"excerpt":{"rendered":"<p>Prezydium Komisji Krajowej NSZZ &#8222;Solidarno\u015b\u0107&#8221; na podstawie uchwa\u0142y KK nr 24\/11 z dnia 15 listopada 2011 r., przyjmuje zmiany w Statucie Fundacji Promocji Solidarno\u015bci stanowi\u0105ce za\u0142\u0105cznik do niniejszej decyzji.<\/p>\n","protected":false},"author":3,"featured_media":0,"comment_status":"closed","ping_status":"closed","sticky":false,"template":"","format":"standard","meta":{"footnotes":""},"categories":[48,9],"tags":[195,203,61,536,534],"class_list":["post-1276","post","type-post","status-publish","format-standard","hentry","category-2012prezydium","category-dokprez","tag-195","tag-5-2012","tag-decyzja","tag-decyzja-prezydium","tag-prezydium"],"_links":{"self":[{"href":"https:\/\/www.solidarnosc.org.pl\/dok\/wp-json\/wp\/v2\/posts\/1276","targetHints":{"allow":["GET"]}}],"collection":[{"href":"https:\/\/www.solidarnosc.org.pl\/dok\/wp-json\/wp\/v2\/posts"}],"about":[{"href":"https:\/\/www.solidarnosc.org.pl\/dok\/wp-json\/wp\/v2\/types\/post"}],"author":[{"embeddable":true,"href":"https:\/\/www.solidarnosc.org.pl\/dok\/wp-json\/wp\/v2\/users\/3"}],"replies":[{"embeddable":true,"href":"https:\/\/www.solidarnosc.org.pl\/dok\/wp-json\/wp\/v2\/comments?post=1276"}],"version-history":[{"count":1,"href":"https:\/\/www.solidarnosc.org.pl\/dok\/wp-json\/wp\/v2\/posts\/1276\/revisions"}],"predecessor-version":[{"id":1278,"href":"https:\/\/www.solidarnosc.org.pl\/dok\/wp-json\/wp\/v2\/posts\/1276\/revisions\/1278"}],"wp:attachment":[{"href":"https:\/\/www.solidarnosc.org.pl\/dok\/wp-json\/wp\/v2\/media?parent=1276"}],"wp:term":[{"taxonomy":"category","embeddable":true,"href":"https:\/\/www.solidarnosc.org.pl\/dok\/wp-json\/wp\/v2\/categories?post=1276"},{"taxonomy":"post_tag","embeddable":true,"href":"https:\/\/www.solidarnosc.org.pl\/dok\/wp-json\/wp\/v2\/tags?post=1276"}],"curies":[{"name":"wp","href":"https:\/\/api.w.org\/{rel}","templated":true}]}}